{"id":6779,"date":"2026-09-04T14:37:17","date_gmt":"2026-09-04T18:37:17","guid":{"rendered":"https:\/\/www.curico.cl\/home\/?p=6779"},"modified":"2026-09-04T14:41:22","modified_gmt":"2026-09-04T18:41:22","slug":"curico-celebra-sus-tradiciones-en-la-fiesta-de-la-chilenidad","status":"publish","type":"post","link":"https:\/\/www.curico.cl\/home\/curico-celebra-sus-tradiciones-en-la-fiesta-de-la-chilenidad\/","title":{"rendered":"Curic\u00f3 celebra sus tradiciones en la Fiesta de la Chilenidad"},"content":{"rendered":"<p><strong>La cultura, el folclore y la gastronom\u00eda tradicional chilena se dan cita en el anfiteatro de la Alameda Manso de Velasco de Curic\u00f3, desde el 3 hasta el 6 de septiembre, en una celebraci\u00f3n que congrega a visitantes de distintos puntos del pa\u00eds y del extranjero y que es organizada por la Municipalidad de Curic\u00f3<\/strong><em>.<\/em><\/p>\n<p>Desde el mediod\u00eda de ayer comenzaron a sentirse los aromas provenientes de los diversos stands gastron\u00f3micos instalados en el recinto, que esperaban a la comunidad previo al horario de almuerzo para disfrutar de las primeras horas de esta tradicional celebraci\u00f3n y del hito oficial de inicio.<\/p>\n<p>A las 17:00 horas se desarroll\u00f3 la ceremonia de inauguraci\u00f3n, actividad encabezada por el alcalde de Curic\u00f3, George Bordachar; el delegado presidencial provincial, \u00d3scar \u00c1guila; los concejales Constanza Pinto, Francisco Sanz, Mario Undurraga, Edgardo Reyes, Pilar Contardo y Raimundo Canquil; adem\u00e1s de parlamentarios, representantes de instituciones de educaci\u00f3n superior, dirigentes sociales y padres y apoderados de estudiantes de diversos establecimientos de la comuna.<\/p>\n<p>El acto cont\u00f3 con una masiva concurrencia de p\u00fablico, que lleg\u00f3 hasta la Alameda Manso de Velasco para disfrutar de las distintas expresiones art\u00edsticas y culturales preparadas especialmente para esta celebraci\u00f3n.<\/p>\n<p>El alcalde George Bordachar manifest\u00f3 su alegr\u00eda por la alta convocatoria y destac\u00f3 la participaci\u00f3n de las familias en esta actividad, que forma parte del programa de celebraciones de Fiestas Patrias de la comuna.<\/p>\n<p>\u201cMaravilloso, los ni\u00f1os, el p\u00fablico en general, tanta familia presente hoy d\u00eda. Muy contento como alcalde por lo que se est\u00e1 entregando a la comunidad\u201d, mencion\u00f3 el alcalde.<\/p>\n<p>Por su parte, el delegado presidencial provincial, \u00d3scar \u00c1guila, felicit\u00f3 a las autoridades comunales por la organizaci\u00f3n de la actividad y destac\u00f3 la participaci\u00f3n de los establecimientos educacionales.<\/p>\n<p>\u201cFelicitar al alcalde y a los concejales por este tremendo evento. Ver todos los colegios importantes de Curic\u00f3, con un tremendo espect\u00e1culo\u201d, afirm\u00f3.<\/p>\n<p><strong>VALORACI\u00d3N CIUDADANA<\/strong><\/p>\n<p>La comunidad tambi\u00e9n valor\u00f3 positivamente la primera jornada de esta festividad, iniciativa que, adem\u00e1s de poner en valor las tradiciones y costumbres nacionales, busca contribuir al fomento productivo de la comuna, uno de los pilares de la actual administraci\u00f3n municipal, junto con la seguridad, salud y educaci\u00f3n.<\/p>\n<p>Jos\u00e9 Ossand\u00f3n, vecino del sector Bombero Garrido, destac\u00f3 la participaci\u00f3n de los estudiantes de establecimientos pertenecientes a la Red Educativa Municipal y valor\u00f3 las oportunidades que este tipo de actividades entrega a ni\u00f1os y j\u00f3venes.<\/p>\n<p>\u201cEs important\u00edsimo para que nuestros ni\u00f1os se puedan desarrollar en el \u00e1mbito art\u00edstico. Estoy contento con la posibilidad que les dan a los apoderados y de que nuestros ni\u00f1os puedan participar en estas actividades\u201d, coment\u00f3.<\/p>\n<p>En tanto, Erica, vecina del sector El Boldo, destac\u00f3 la iniciativa y la posibilidad de que los estudiantes puedan acercarse a las tradiciones nacionales.<\/p>\n<p>\u201cMe parece una muy buena iniciativa que los colegios tengan la oportunidad de impregnarse de nuestras ra\u00edces. Eso es fomentar la cultura\u201d, se\u00f1al\u00f3.<\/p>\n<p><strong>FOMENTO PRODUCTIVO <\/strong><\/p>\n<p>Los emprendedores que participan en la Fiesta de la Chilenidad tambi\u00e9n valoraron la oportunidad de ofrecer sus productos a la comunidad durante los cuatro d\u00edas de celebraci\u00f3n, destacando el espacio como una instancia para promover sus emprendimientos y fortalecer la actividad econ\u00f3mica local.<\/p>\n<p>Dentro de la variada oferta gastron\u00f3mica se encuentra el local de asados al palo <strong>\u201cLas Indomables\u201d<\/strong>, cuya propietaria invit\u00f3 a la comunidad a visitar su stand y disfrutar de sus preparaciones.<\/p>\n<p>\u201cInvito a todos mis comensales a venir a verme y disfrutar de mis productos\u201d, dijo.<\/p>\n<p>Otro de los imperdibles de esta celebraci\u00f3n son los tradicionales choripanes de <strong>\u201cLos M\u00e1s Chorizos Pa\u2019 los que Saben\u201d<\/strong>, emprendimiento que durante estos d\u00edas ofrece distintas preparaciones para quienes visiten la Fiesta de la Chilenidad.<\/p>\n<p>De esta manera, Curic\u00f3 contin\u00faa celebrando sus tradiciones, reuniendo a las familias en torno a la m\u00fasica, el folclore, la gastronom\u00eda y las expresiones culturales que forman parte de la identidad nacional, en un espacio pensado para disfrutar y compartir durante estas Fiestas Patrias.<\/p>\n<p><strong>CULTURA <\/strong><\/p>\n<p>Durante el viernes 4, s\u00e1bado 5 y domingo 6 ser\u00e1n alrededor de 90 agrupaciones culturales de la comuna y provincia que pasar\u00e1n por el escenario de la tradicional fiesta.<\/p>\n<p>El inicio del escenario folcl\u00f3rico es este viernes y s\u00e1bado desde las 14:00 a 01:00 am. El domingo se inicia a las 10:00 hrs con el Campeonato Regional Juvenil de Paine, que se realizar\u00e1 en nuestra comuna.<\/p>\n<p><img fetchpriority=\"high\" decoding=\"async\" class=\"alignnone size-medium wp-image-6781\" src=\"https:\/\/www.curico.cl\/home\/wp-content\/uploads\/2026\/09\/WhatsApp-Image-2026-09-03-at-6.38.33-PM-400x300.jpeg\" alt=\"\" width=\"400\" height=\"300\" srcset=\"https:\/\/www.curico.cl\/home\/wp-content\/uploads\/2026\/09\/WhatsApp-Image-2026-09-03-at-6.38.33-PM-400x300.jpeg 400w, https:\/\/www.curico.cl\/home\/wp-content\/uploads\/2026\/09\/WhatsApp-Image-2026-09-03-at-6.38.33-PM-1024x768.jpeg 1024w, https:\/\/www.curico.cl\/home\/wp-content\/uploads\/2026\/09\/WhatsApp-Image-2026-09-03-at-6.38.33-PM-768x576.jpeg 768w, https:\/\/www.curico.cl\/home\/wp-content\/uploads\/2026\/09\/WhatsApp-Image-2026-09-03-at-6.38.33-PM-1536x1152.jpeg 1536w, https:\/\/www.curico.cl\/home\/wp-content\/uploads\/2026\/09\/WhatsApp-Image-2026-09-03-at-6.38.33-PM.jpeg 1600w\" sizes=\"(max-width: 400px) 100vw, 400px\" \/><\/p>\n","protected":false},"excerpt":{"rendered":"<p>La cultura, el folclore y la gastronom\u00eda tradicional chilena se dan cita en el anfiteatro de la Alameda Manso de Velasco de Curic\u00f3, desde el 3 hasta el 6 de septiembre, en una celebraci\u00f3n que congrega a visitantes de distintos puntos del pa\u00eds y del extranjero y que es organizada por la Municipalidad de Curic\u00f3. [&hellip;]<\/p>\n","protected":false},"author":3,"featured_media":6780,"comment_status":"closed","ping_status":"closed","sticky":false,"template":"","format":"standard","meta":{"footnotes":""},"categories":[1],"tags":[235,211,234],"class_list":["post-6779","post","type-post","status-publish","format-standard","has-post-thumbnail","hentry","category-uncategorized","tag-chilenidad","tag-curico","tag-tradiciones"],"rttpg_featured_image_url":{"full":["https:\/\/www.curico.cl\/home\/wp-content\/uploads\/2026\/09\/WhatsApp-Image-2026-09-03-at-6.34.46-PM.jpeg",1600,909,false],"landscape":["https:\/\/www.curico.cl\/home\/wp-content\/uploads\/2026\/09\/WhatsApp-Image-2026-09-03-at-6.34.46-PM.jpeg",1600,909,false],"portraits":["https:\/\/www.curico.cl\/home\/wp-content\/uploads\/2026\/09\/WhatsApp-Image-2026-09-03-at-6.34.46-PM.jpeg",1600,909,false],"thumbnail":["https:\/\/www.curico.cl\/home\/wp-content\/uploads\/2026\/09\/WhatsApp-Image-2026-09-03-at-6.34.46-PM-300x150.jpeg",300,150,true],"medium":["https:\/\/www.curico.cl\/home\/wp-content\/uploads\/2026\/09\/WhatsApp-Image-2026-09-03-at-6.34.46-PM-528x300.jpeg",528,300,true],"large":["https:\/\/www.curico.cl\/home\/wp-content\/uploads\/2026\/09\/WhatsApp-Image-2026-09-03-at-6.34.46-PM-1024x582.jpeg",1024,582,true],"1536x1536":["https:\/\/www.curico.cl\/home\/wp-content\/uploads\/2026\/09\/WhatsApp-Image-2026-09-03-at-6.34.46-PM-1536x873.jpeg",1536,873,true],"2048x2048":["https:\/\/www.curico.cl\/home\/wp-content\/uploads\/2026\/09\/WhatsApp-Image-2026-09-03-at-6.34.46-PM.jpeg",1600,909,false]},"rttpg_author":{"display_name":"Jorge Marto","author_link":"https:\/\/www.curico.cl\/home\/author\/jmarto\/"},"rttpg_comment":0,"rttpg_category":"<a href=\"https:\/\/www.curico.cl\/home\/category\/uncategorized\/\" rel=\"category tag\">Uncategorized<\/a>","rttpg_excerpt":"La cultura, el folclore y la gastronom\u00eda tradicional chilena se dan cita en el anfiteatro de la Alameda Manso de Velasco de Curic\u00f3, desde el 3 hasta el 6 de septiembre, en una celebraci\u00f3n que congrega a visitantes de distintos puntos del pa\u00eds y del extranjero y que es organizada por la Municipalidad de Curic\u00f3.&hellip;","_links":{"self":[{"href":"https:\/\/www.curico.cl\/home\/wp-json\/wp\/v2\/posts\/6779","targetHints":{"allow":["GET"]}}],"collection":[{"href":"https:\/\/www.curico.cl\/home\/wp-json\/wp\/v2\/posts"}],"about":[{"href":"https:\/\/www.curico.cl\/home\/wp-json\/wp\/v2\/types\/post"}],"author":[{"embeddable":true,"href":"https:\/\/www.curico.cl\/home\/wp-json\/wp\/v2\/users\/3"}],"replies":[{"embeddable":true,"href":"https:\/\/www.curico.cl\/home\/wp-json\/wp\/v2\/comments?post=6779"}],"version-history":[{"count":2,"href":"https:\/\/www.curico.cl\/home\/wp-json\/wp\/v2\/posts\/6779\/revisions"}],"predecessor-version":[{"id":6783,"href":"https:\/\/www.curico.cl\/home\/wp-json\/wp\/v2\/posts\/6779\/revisions\/6783"}],"wp:featuredmedia":[{"embeddable":true,"href":"https:\/\/www.curico.cl\/home\/wp-json\/wp\/v2\/media\/6780"}],"wp:attachment":[{"href":"https:\/\/www.curico.cl\/home\/wp-json\/wp\/v2\/media?parent=6779"}],"wp:term":[{"taxonomy":"category","embeddable":true,"href":"https:\/\/www.curico.cl\/home\/wp-json\/wp\/v2\/categories?post=6779"},{"taxonomy":"post_tag","embeddable":true,"href":"https:\/\/www.curico.cl\/home\/wp-json\/wp\/v2\/tags?post=6779"}],"curies":[{"name":"wp","href":"https:\/\/api.w.org\/{rel}","templated":true}]}}