{"id":6771,"date":"2026-09-03T08:39:44","date_gmt":"2026-09-03T12:39:44","guid":{"rendered":"https:\/\/www.curico.cl\/home\/?p=6771"},"modified":"2026-09-03T08:39:44","modified_gmt":"2026-09-03T12:39:44","slug":"programa-de-prevencion-de-las-violencias-de-genero-de-curico-realizo-ceremonia-de-certificacion","status":"publish","type":"post","link":"https:\/\/www.curico.cl\/home\/programa-de-prevencion-de-las-violencias-de-genero-de-curico-realizo-ceremonia-de-certificacion\/","title":{"rendered":"Programa de Prevenci\u00f3n de las Violencias de G\u00e9nero de Curic\u00f3 realiz\u00f3 ceremonia de certificaci\u00f3n"},"content":{"rendered":"<p><strong>Un total de 57 personas participaron y recibieron su certificaci\u00f3n de este proceso formativo, orientado a promover la prevenci\u00f3n comunitaria y avanzar hacia una vida libre de violencias.<\/strong><\/p>\n<p>La Municipalidad de Curic\u00f3, a trav\u00e9s del Programa de Prevenci\u00f3n de las Violencias de G\u00e9nero (PPVG) ejecutado en convenio con el Servicio Nacional de la Mujer y la Equidad de G\u00e9nero (SernamEG) realiz\u00f3 la ceremonia de certificaci\u00f3n del ciclo \u201cFormaci\u00f3n de los Consejos Asesores Preventivos\u201d, seis en esta ocasi\u00f3n.<\/p>\n<p>La iniciativa contempla un trabajo comunitario y territorial articulado, entregando herramientas formativas y espacios de sensibilizaci\u00f3n para la detecci\u00f3n temprana de situaciones de violencia y el fortalecimiento de redes de apoyo, potenciando a cada participante como un agente activo de cambio en sus barrios.<\/p>\n<p>El hall del Teatro Provincial de Curic\u00f3 fue el espacio de encuentro donde se desarroll\u00f3 la actividad, permitiendo reconocer y destacar el compromiso de l\u00edderes, dirigentes y representantes de organizaciones sociales y educativas de la comuna<\/p>\n<p>Las personas que realizaron el curso quedan certificadas y hoy son parte de los \u201cConsejos Asesores Preventivos\u201d. Ellos corresponden a: Familias en acci\u00f3n, Almas en resguardo, SOEMDI, Comando en VG Conavicoop, Corporaci\u00f3n Cultural, Corporitos sin violencia y Comunidad sin VG (CFT San Agust\u00edn), conformando una red colaborativa e intersectorial en favor de la seguridad y el bienestar local.<\/p>\n<p>La actividad cont\u00f3 con el acompa\u00f1amiento del subprefecto de la Polic\u00eda de Investigaciones (PDI), Leonardo Vega; la cabo primera de la 1\u00aa Comisar\u00eda de Carabineros de Curic\u00f3, Hiyaray Huincatripay; junto a equipos y representantes de distintas direcciones del municipio.<\/p>\n<p><strong>Experiencia de los usuarios<\/strong><\/p>\n<p>Sobre la experiencia formativa, una de las integrantes de \u201cAlmas en Resguardo\u201d, una de las agrupaciones certificadas, valor\u00f3 el apoyo:<\/p>\n<p><em>\u201cNos brindan los espacios para nosotros poder juntarnos, tambi\u00e9n el apoyo de las chicas que sin los recursos de ellos obviamente no se hubiese podido gestionar. As\u00ed que en ese contexto, obviamente beneficioso para nosotros, como dec\u00edan aqu\u00ed tambi\u00e9n actuamos como una constelaci\u00f3n, \u00bfcierto? \u2029Porque entre todos en realidad se hace el espacio se genera la instancia para la prevenci\u00f3n que una sola persona est\u00e1 actuando no es lo mismo a que todas tengamos la herramienta\u201d.<\/em><\/p>\n<p>El alcalde George Bordachar resalt\u00f3 el compromiso de la municipalidad y celebr\u00f3 la activa participaci\u00f3n juvenil en la jornada.<\/p>\n<p><em>\u201cHoy d\u00eda se entregaron los certificados y me impact\u00f3 mucho ver a j\u00f3venes de colegio que tambi\u00e9n estuvieron capacit\u00e1ndose para que el d\u00eda de ma\u00f1ana nos puedan<\/em><\/p>\n<p><em>ayudar. Hoy d\u00eda la prevenci\u00f3n es muy muy importante y qu\u00e9 mejor que desde los chicos de colegio a profesionales, funcionarios municipales, est\u00e9n dando esta muestra en que todos podemos colaborar a disminuir la violencia\u201d, <\/em>se\u00f1al\u00f3 la autoridad comunal.<\/p>\n<p>Finalmente, la encargada regional del Programa de Prevenci\u00f3n de las Violencias de G\u00e9nero y del programa Mujeres, Derechos Sexuales y Reproductivos de SernamEG Maule, Katherine Oyarce, valor\u00f3 el trabajo interinstitucional desplegado en la comuna.<\/p>\n<p><em>\u201cTenemos ac\u00e1 el beneficio de un equipo muy comprometido a nivel de la unidad de las violencias de g\u00e9nero, contando con la oferta program\u00e1tica completa de los servicios que provee el SernamEG y tambi\u00e9n brindando las oportunidades para gestionar tanto los espacios municipales, para poder realizar los eventos de convocatoria abierta, como para insertar a los equipos de prevenci\u00f3n y formar a programas e instituciones que est\u00e9n en l\u00ednea con este tipo de procedimiento\u201d,<\/em> concluy\u00f3 la representante.<\/p>\n<p><img fetchpriority=\"high\" decoding=\"async\" class=\"alignnone size-medium wp-image-6773\" src=\"https:\/\/www.curico.cl\/home\/wp-content\/uploads\/2026\/09\/MEGMC-1-400x300.jpeg\" alt=\"\" width=\"400\" height=\"300\" srcset=\"https:\/\/www.curico.cl\/home\/wp-content\/uploads\/2026\/09\/MEGMC-1-400x300.jpeg 400w, https:\/\/www.curico.cl\/home\/wp-content\/uploads\/2026\/09\/MEGMC-1-1024x768.jpeg 1024w, https:\/\/www.curico.cl\/home\/wp-content\/uploads\/2026\/09\/MEGMC-1-768x576.jpeg 768w, https:\/\/www.curico.cl\/home\/wp-content\/uploads\/2026\/09\/MEGMC-1-1536x1152.jpeg 1536w, https:\/\/www.curico.cl\/home\/wp-content\/uploads\/2026\/09\/MEGMC-1.jpeg 1600w\" sizes=\"(max-width: 400px) 100vw, 400px\" \/><\/p>\n<p>&nbsp;<\/p>\n<p><strong>\u00a0<\/strong><\/p>\n","protected":false},"excerpt":{"rendered":"<p>Un total de 57 personas participaron y recibieron su certificaci\u00f3n de este proceso formativo, orientado a promover la prevenci\u00f3n comunitaria y avanzar hacia una vida libre de violencias. La Municipalidad de Curic\u00f3, a trav\u00e9s del Programa de Prevenci\u00f3n de las Violencias de G\u00e9nero (PPVG) ejecutado en convenio con el Servicio Nacional de la Mujer y [&hellip;]<\/p>\n","protected":false},"author":3,"featured_media":6772,"comment_status":"closed","ping_status":"closed","sticky":false,"template":"","format":"standard","meta":{"footnotes":""},"categories":[45,9],"tags":[230,215,231],"class_list":["post-6771","post","type-post","status-publish","format-standard","has-post-thumbnail","hentry","category-destacados","category-social","tag-certificacion","tag-prevencion","tag-violencia-de-genero"],"rttpg_featured_image_url":{"full":["https:\/\/www.curico.cl\/home\/wp-content\/uploads\/2026\/09\/MEGMC-4.jpeg",1600,1043,false],"landscape":["https:\/\/www.curico.cl\/home\/wp-content\/uploads\/2026\/09\/MEGMC-4.jpeg",1600,1043,false],"portraits":["https:\/\/www.curico.cl\/home\/wp-content\/uploads\/2026\/09\/MEGMC-4.jpeg",1600,1043,false],"thumbnail":["https:\/\/www.curico.cl\/home\/wp-content\/uploads\/2026\/09\/MEGMC-4-300x150.jpeg",300,150,true],"medium":["https:\/\/www.curico.cl\/home\/wp-content\/uploads\/2026\/09\/MEGMC-4-460x300.jpeg",460,300,true],"large":["https:\/\/www.curico.cl\/home\/wp-content\/uploads\/2026\/09\/MEGMC-4-1024x668.jpeg",1024,668,true],"1536x1536":["https:\/\/www.curico.cl\/home\/wp-content\/uploads\/2026\/09\/MEGMC-4-1536x1001.jpeg",1536,1001,true],"2048x2048":["https:\/\/www.curico.cl\/home\/wp-content\/uploads\/2026\/09\/MEGMC-4.jpeg",1600,1043,false]},"rttpg_author":{"display_name":"Jorge Marto","author_link":"https:\/\/www.curico.cl\/home\/author\/jmarto\/"},"rttpg_comment":0,"rttpg_category":"<a href=\"https:\/\/www.curico.cl\/home\/category\/destacados\/\" rel=\"category tag\">Destacados<\/a> <a href=\"https:\/\/www.curico.cl\/home\/category\/social\/\" rel=\"category tag\">Social<\/a>","rttpg_excerpt":"Un total de 57 personas participaron y recibieron su certificaci\u00f3n de este proceso formativo, orientado a promover la prevenci\u00f3n comunitaria y avanzar hacia una vida libre de violencias. La Municipalidad de Curic\u00f3, a trav\u00e9s del Programa de Prevenci\u00f3n de las Violencias de G\u00e9nero (PPVG) ejecutado en convenio con el Servicio Nacional de la Mujer y&hellip;","_links":{"self":[{"href":"https:\/\/www.curico.cl\/home\/wp-json\/wp\/v2\/posts\/6771","targetHints":{"allow":["GET"]}}],"collection":[{"href":"https:\/\/www.curico.cl\/home\/wp-json\/wp\/v2\/posts"}],"about":[{"href":"https:\/\/www.curico.cl\/home\/wp-json\/wp\/v2\/types\/post"}],"author":[{"embeddable":true,"href":"https:\/\/www.curico.cl\/home\/wp-json\/wp\/v2\/users\/3"}],"replies":[{"embeddable":true,"href":"https:\/\/www.curico.cl\/home\/wp-json\/wp\/v2\/comments?post=6771"}],"version-history":[{"count":1,"href":"https:\/\/www.curico.cl\/home\/wp-json\/wp\/v2\/posts\/6771\/revisions"}],"predecessor-version":[{"id":6777,"href":"https:\/\/www.curico.cl\/home\/wp-json\/wp\/v2\/posts\/6771\/revisions\/6777"}],"wp:featuredmedia":[{"embeddable":true,"href":"https:\/\/www.curico.cl\/home\/wp-json\/wp\/v2\/media\/6772"}],"wp:attachment":[{"href":"https:\/\/www.curico.cl\/home\/wp-json\/wp\/v2\/media?parent=6771"}],"wp:term":[{"taxonomy":"category","embeddable":true,"href":"https:\/\/www.curico.cl\/home\/wp-json\/wp\/v2\/categories?post=6771"},{"taxonomy":"post_tag","embeddable":true,"href":"https:\/\/www.curico.cl\/home\/wp-json\/wp\/v2\/tags?post=6771"}],"curies":[{"name":"wp","href":"https:\/\/api.w.org\/{rel}","templated":true}]}}