{"id":6770,"date":"2026-09-03T08:41:13","date_gmt":"2026-09-03T12:41:13","guid":{"rendered":"https:\/\/www.curico.cl\/home\/?p=6770"},"modified":"2026-09-03T08:41:13","modified_gmt":"2026-09-03T12:41:13","slug":"deportistas-curicanos-reciben-apoyo-para-participar-en-eventos-internacionales","status":"publish","type":"post","link":"https:\/\/www.curico.cl\/home\/deportistas-curicanos-reciben-apoyo-para-participar-en-eventos-internacionales\/","title":{"rendered":"Deportistas curicanos reciben apoyo para participar en eventos internacionales"},"content":{"rendered":"<p><b>Bajo la gesti\u00f3n del alcalde George Bordachar, el concejo municipal otorg\u00f3 una subvenci\u00f3n econ\u00f3mica a deportistas curicanos.\u00a0<\/b><\/p>\n<p><span style=\"font-weight: 400\">Recursos por un mill\u00f3n de pesos aprob\u00f3 en el concejo municipal de Curic\u00f3 para ir en apoyo de un grupo de deportistas curicanos, ya que en los pr\u00f3ximos d\u00edas participar\u00e1n en dos importantes eventos de car\u00e1cter internacional.<\/span><\/p>\n<p><span style=\"font-weight: 400\">Recursos por un mill\u00f3n de pesos aprob\u00f3 en el concejo municipal de Curic\u00f3 para ir en apoyo de un grupo de deportistas curicanos, ya que en los pr\u00f3ximos d\u00edas participar\u00e1n en dos importantes eventos de car\u00e1cter internacional.<\/span><\/p>\n<p><span style=\"font-weight: 400\">Se trata del Club Deportivo y Cultural S\u00faper Liga de Curic\u00f3, instituci\u00f3n que recibi\u00f3 un aporte de 500 mil pesos para lo que ser\u00e1 su participaci\u00f3n en el Torneo Internacional de F\u00fatbol Infantil IBERCUP a desarrollarse entre los d\u00edas 4 y 7 del presente mes de septiembre, en Carolina del Norte Estados Unidos. <\/span><\/p>\n<p><span style=\"font-weight: 400\">Sobre la importancia de la justa deportiva y el respaldo por parte del concejo municipal se refiri\u00f3 el profesor y encargado de la delegaci\u00f3n curicana Nelson Orgeta.\u00a0<\/span><\/p>\n<p><i><span style=\"font-weight: 400\">\u201cFue una presentaci\u00f3n donde nosotros expusimos con un poco m\u00e1s de detalle lo que realizamos como liga, para que tambi\u00e9n los dem\u00e1s concejales que no conocen de nuestro trabajo se enteren de lo que estamos haciendo y en un futuro poder trabajar en conjunto y nos puedan seguir apoyando de cara al futuro\u201d<\/span><\/i><\/p>\n<p><span style=\"font-weight: 400\">As\u00ed tambi\u00e9n, el Club Deportivo Okinawa, recibi\u00f3 la suma de 500 mil pesos, dinero que le permitir\u00e1 costear en parte los gatos de la participaci\u00f3n de un importante n\u00famero de deportistas en el Campeonato Panamericano de Artes Marciales, el que tendr\u00e1 lugar los d\u00edas 15, 16 y 17 de octubre en Ciudad de M\u00e9xico, en lo que ser\u00e1 la \u201cW Kenpo CUP\u201d.\u00a0<\/span><\/p>\n<p><span style=\"font-weight: 400\">Sobre lo anterior se refiri\u00f3 el maestro de Artes Marciales Rolando Jacques.<\/span><\/p>\n<p><i><span style=\"font-weight: 400\">\u201cViajamos con una delegaci\u00f3n de diez competidores que participar\u00e1n en distintas disciplinas. Expresamos nuestro sincero agradecimiento al concejo, al gerente de la corporaci\u00f3n y a todos por su apoyo, en especial al alcalde, ya que cada aporte para nuestros viajes es fundamental.\u201d<\/span><\/i><\/p>\n<p><span style=\"font-weight: 400\">Desde el concejo municipal de Curic\u00f3, ambas delegaciones de deportistas recibieron los mejores deseos en sus respectivos desaf\u00edos internacionales, esperando que dejen en alto el nombre de Curic\u00f3. <br style=\"font-weight: 400\" \/><br style=\"font-weight: 400\" \/><img fetchpriority=\"high\" decoding=\"async\" class=\"alignnone size-medium wp-image-6775\" src=\"https:\/\/www.curico.cl\/home\/wp-content\/uploads\/2026\/09\/Foto-2-Nota-Deportistas-450x300.jpg\" alt=\"\" width=\"450\" height=\"300\" srcset=\"https:\/\/www.curico.cl\/home\/wp-content\/uploads\/2026\/09\/Foto-2-Nota-Deportistas-450x300.jpg 450w, https:\/\/www.curico.cl\/home\/wp-content\/uploads\/2026\/09\/Foto-2-Nota-Deportistas-1024x683.jpg 1024w, https:\/\/www.curico.cl\/home\/wp-content\/uploads\/2026\/09\/Foto-2-Nota-Deportistas-768x512.jpg 768w, https:\/\/www.curico.cl\/home\/wp-content\/uploads\/2026\/09\/Foto-2-Nota-Deportistas-1536x1024.jpg 1536w, https:\/\/www.curico.cl\/home\/wp-content\/uploads\/2026\/09\/Foto-2-Nota-Deportistas-2048x1365.jpg 2048w\" sizes=\"(max-width: 450px) 100vw, 450px\" \/><img decoding=\"async\" class=\"alignnone size-medium wp-image-6776\" src=\"https:\/\/www.curico.cl\/home\/wp-content\/uploads\/2026\/09\/Foto-3-Nota-Deportistas-450x300.jpg\" alt=\"\" width=\"450\" height=\"300\" srcset=\"https:\/\/www.curico.cl\/home\/wp-content\/uploads\/2026\/09\/Foto-3-Nota-Deportistas-450x300.jpg 450w, https:\/\/www.curico.cl\/home\/wp-content\/uploads\/2026\/09\/Foto-3-Nota-Deportistas-1024x683.jpg 1024w, https:\/\/www.curico.cl\/home\/wp-content\/uploads\/2026\/09\/Foto-3-Nota-Deportistas-768x512.jpg 768w, https:\/\/www.curico.cl\/home\/wp-content\/uploads\/2026\/09\/Foto-3-Nota-Deportistas-1536x1024.jpg 1536w, https:\/\/www.curico.cl\/home\/wp-content\/uploads\/2026\/09\/Foto-3-Nota-Deportistas-2048x1365.jpg 2048w\" sizes=\"(max-width: 450px) 100vw, 450px\" \/><\/span><\/p>\n<p><br style=\"font-weight: 400\" \/><br style=\"font-weight: 400\" \/><br style=\"font-weight: 400\" \/><br style=\"font-weight: 400\" \/><br style=\"font-weight: 400\" \/><br style=\"font-weight: 400\" \/><br style=\"font-weight: 400\" \/><br \/>\n<br style=\"font-weight: 400\" \/><br style=\"font-weight: 400\" \/><\/p>\n","protected":false},"excerpt":{"rendered":"<p>Bajo la gesti\u00f3n del alcalde George Bordachar, el concejo municipal otorg\u00f3 una subvenci\u00f3n econ\u00f3mica a deportistas curicanos.\u00a0 Recursos por un mill\u00f3n de pesos aprob\u00f3 en el concejo municipal de Curic\u00f3 para ir en apoyo de un grupo de deportistas curicanos, ya que en los pr\u00f3ximos d\u00edas participar\u00e1n en dos importantes eventos de car\u00e1cter internacional. Recursos [&hellip;]<\/p>\n","protected":false},"author":3,"featured_media":6774,"comment_status":"closed","ping_status":"closed","sticky":false,"template":"","format":"standard","meta":{"footnotes":""},"categories":[11,45],"tags":[232,233,46],"class_list":["post-6770","post","type-post","status-publish","format-standard","has-post-thumbnail","hentry","category-deportes","category-destacados","tag-curicanos","tag-subvencionmunicipal","tag-deportes"],"rttpg_featured_image_url":{"full":["https:\/\/www.curico.cl\/home\/wp-content\/uploads\/2026\/09\/Foto-1-Nota-Deportistas-scaled.jpg",2560,1706,false],"landscape":["https:\/\/www.curico.cl\/home\/wp-content\/uploads\/2026\/09\/Foto-1-Nota-Deportistas-scaled.jpg",2560,1706,false],"portraits":["https:\/\/www.curico.cl\/home\/wp-content\/uploads\/2026\/09\/Foto-1-Nota-Deportistas-scaled.jpg",2560,1706,false],"thumbnail":["https:\/\/www.curico.cl\/home\/wp-content\/uploads\/2026\/09\/Foto-1-Nota-Deportistas-300x150.jpg",300,150,true],"medium":["https:\/\/www.curico.cl\/home\/wp-content\/uploads\/2026\/09\/Foto-1-Nota-Deportistas-450x300.jpg",450,300,true],"large":["https:\/\/www.curico.cl\/home\/wp-content\/uploads\/2026\/09\/Foto-1-Nota-Deportistas-1024x683.jpg",1024,683,true],"1536x1536":["https:\/\/www.curico.cl\/home\/wp-content\/uploads\/2026\/09\/Foto-1-Nota-Deportistas-1536x1024.jpg",1536,1024,true],"2048x2048":["https:\/\/www.curico.cl\/home\/wp-content\/uploads\/2026\/09\/Foto-1-Nota-Deportistas-2048x1365.jpg",2048,1365,true]},"rttpg_author":{"display_name":"Jorge Marto","author_link":"https:\/\/www.curico.cl\/home\/author\/jmarto\/"},"rttpg_comment":0,"rttpg_category":"<a href=\"https:\/\/www.curico.cl\/home\/category\/deportes\/\" rel=\"category tag\">Deportes<\/a> <a href=\"https:\/\/www.curico.cl\/home\/category\/destacados\/\" rel=\"category tag\">Destacados<\/a>","rttpg_excerpt":"Bajo la gesti\u00f3n del alcalde George Bordachar, el concejo municipal otorg\u00f3 una subvenci\u00f3n econ\u00f3mica a deportistas curicanos.\u00a0 Recursos por un mill\u00f3n de pesos aprob\u00f3 en el concejo municipal de Curic\u00f3 para ir en apoyo de un grupo de deportistas curicanos, ya que en los pr\u00f3ximos d\u00edas participar\u00e1n en dos importantes eventos de car\u00e1cter internacional. Recursos&hellip;","_links":{"self":[{"href":"https:\/\/www.curico.cl\/home\/wp-json\/wp\/v2\/posts\/6770","targetHints":{"allow":["GET"]}}],"collection":[{"href":"https:\/\/www.curico.cl\/home\/wp-json\/wp\/v2\/posts"}],"about":[{"href":"https:\/\/www.curico.cl\/home\/wp-json\/wp\/v2\/types\/post"}],"author":[{"embeddable":true,"href":"https:\/\/www.curico.cl\/home\/wp-json\/wp\/v2\/users\/3"}],"replies":[{"embeddable":true,"href":"https:\/\/www.curico.cl\/home\/wp-json\/wp\/v2\/comments?post=6770"}],"version-history":[{"count":1,"href":"https:\/\/www.curico.cl\/home\/wp-json\/wp\/v2\/posts\/6770\/revisions"}],"predecessor-version":[{"id":6778,"href":"https:\/\/www.curico.cl\/home\/wp-json\/wp\/v2\/posts\/6770\/revisions\/6778"}],"wp:featuredmedia":[{"embeddable":true,"href":"https:\/\/www.curico.cl\/home\/wp-json\/wp\/v2\/media\/6774"}],"wp:attachment":[{"href":"https:\/\/www.curico.cl\/home\/wp-json\/wp\/v2\/media?parent=6770"}],"wp:term":[{"taxonomy":"category","embeddable":true,"href":"https:\/\/www.curico.cl\/home\/wp-json\/wp\/v2\/categories?post=6770"},{"taxonomy":"post_tag","embeddable":true,"href":"https:\/\/www.curico.cl\/home\/wp-json\/wp\/v2\/tags?post=6770"}],"curies":[{"name":"wp","href":"https:\/\/api.w.org\/{rel}","templated":true}]}}