{"id":6765,"date":"2026-09-02T15:18:07","date_gmt":"2026-09-02T19:18:07","guid":{"rendered":"https:\/\/www.curico.cl\/home\/?p=6765"},"modified":"2026-09-02T15:19:34","modified_gmt":"2026-09-02T19:19:34","slug":"liceo-bicentenario-politecnico-curico-inaugura-moderna-infraestructura-deportiva-y-realiza-asuncion-de-gobierno-estudiantil","status":"publish","type":"post","link":"https:\/\/www.curico.cl\/home\/liceo-bicentenario-politecnico-curico-inaugura-moderna-infraestructura-deportiva-y-realiza-asuncion-de-gobierno-estudiantil\/","title":{"rendered":"Liceo Bicentenario Polit\u00e9cnico Curic\u00f3 inaugura moderna infraestructura deportiva y realiza asunci\u00f3n de gobierno estudiantil"},"content":{"rendered":"<p><strong>Un importante hito en sus 31 a\u00f1os de existencia concret\u00f3 la comunidad educativa del Liceo Bicentenario Polit\u00e9cnico Curic\u00f3, al inaugurar su cancha deportiva, adem\u00e1s de la asunci\u00f3n de su nuevo gobierno estudiantil<\/strong><\/p>\n<p>La ceremonia fue encabezada por el alcalde George Bordachar, director (s) DAEM Claudio Cisternas, director del establecimiento Eduardo Olivera, adem\u00e1s de la representaci\u00f3n de directores de diversos colegios pertenecientes a la red educativa municipal de la comuna de Curic\u00f3.<\/p>\n<p>El alcalde George Bordachar expres\u00f3 su alegr\u00eda por la instalaci\u00f3n del nuevo gobierno estudiantil, lo que representa un cambio en el estilo de centro de estudiantes que tradicionalmente funciona en los colegios \u201cNecesitamos hoy que los j\u00f3venes se integren a la educaci\u00f3n c\u00edvica y hoy lo est\u00e1n haciendo\u201d.<\/p>\n<p>La actividad realizada, instala un precedente dentro del modelo democr\u00e1tico que se conoce en la educaci\u00f3n chilena, porque adem\u00e1s de la juramentaci\u00f3n de la presidenta Victoria Parada, se instaur\u00f3 el cargo de ministro, en diversos \u00e1mbitos, lo que representa una innovaci\u00f3n en la conformaci\u00f3n de los centros de alumnos.<\/p>\n<p>Un acontecimiento significativo dentro de la actividad fue la inauguraci\u00f3n de la nueva cancha deportiva del liceo, lo que demuestra el compromiso de la actual administraci\u00f3n con la calidad de la educaci\u00f3n de los j\u00f3venes curicanos.<\/p>\n<p>Eduardo Olivera, director del recinto educativo, indic\u00f3 su satisfacci\u00f3n por la inauguraci\u00f3n de la nueva infraestructura luego de 31 a\u00f1os de vida institucional \u201cdurante 30 a\u00f1os nuestros estudiantes no hab\u00edan visto un hermoseamiento de su casa, para nuestros chiquillos que tienen una realidad sociocultural deprimida, ha resultado muy importante tener una cancha como ellos lo merec\u00edan\u201d.<\/p>\n<p>Finalmente cabe destacar que la inversi\u00f3n de la multicancha fue de 17 millones de pesos, lo que fortalece la actividad f\u00edsica, el deporte y la vida saludable. Adem\u00e1s, mejora las condiciones de convivencia y encuentro de la comunidad escolar. Tambi\u00e9n, favorece el bienestar socioemocional de las y los estudiantes, profundizando la identidad y el sentido de pertenencia con el establecimiento.<\/p>\n<p><img fetchpriority=\"high\" decoding=\"async\" class=\"alignnone size-medium wp-image-6767\" src=\"https:\/\/www.curico.cl\/home\/wp-content\/uploads\/2026\/09\/LBPCCP-3-450x300.jpeg\" alt=\"\" width=\"450\" height=\"300\" srcset=\"https:\/\/www.curico.cl\/home\/wp-content\/uploads\/2026\/09\/LBPCCP-3-450x300.jpeg 450w, https:\/\/www.curico.cl\/home\/wp-content\/uploads\/2026\/09\/LBPCCP-3-1024x682.jpeg 1024w, https:\/\/www.curico.cl\/home\/wp-content\/uploads\/2026\/09\/LBPCCP-3-768x512.jpeg 768w, https:\/\/www.curico.cl\/home\/wp-content\/uploads\/2026\/09\/LBPCCP-3-1536x1023.jpeg 1536w, https:\/\/www.curico.cl\/home\/wp-content\/uploads\/2026\/09\/LBPCCP-3.jpeg 1600w\" sizes=\"(max-width: 450px) 100vw, 450px\" \/><\/p>\n","protected":false},"excerpt":{"rendered":"<p>Un importante hito en sus 31 a\u00f1os de existencia concret\u00f3 la comunidad educativa del Liceo Bicentenario Polit\u00e9cnico Curic\u00f3, al inaugurar su cancha deportiva, adem\u00e1s de la asunci\u00f3n de su nuevo gobierno estudiantil La ceremonia fue encabezada por el alcalde George Bordachar, director (s) DAEM Claudio Cisternas, director del establecimiento Eduardo Olivera, adem\u00e1s de la representaci\u00f3n [&hellip;]<\/p>\n","protected":false},"author":3,"featured_media":6766,"comment_status":"closed","ping_status":"closed","sticky":false,"template":"","format":"standard","meta":{"footnotes":""},"categories":[45,78],"tags":[226,229,80],"class_list":["post-6765","post","type-post","status-publish","format-standard","has-post-thumbnail","hentry","category-destacados","category-educacion","tag-inaguracion","tag-multicancha","tag-educacion"],"rttpg_featured_image_url":{"full":["https:\/\/www.curico.cl\/home\/wp-content\/uploads\/2026\/09\/LBPCCP-2.jpeg",1600,1066,false],"landscape":["https:\/\/www.curico.cl\/home\/wp-content\/uploads\/2026\/09\/LBPCCP-2.jpeg",1600,1066,false],"portraits":["https:\/\/www.curico.cl\/home\/wp-content\/uploads\/2026\/09\/LBPCCP-2.jpeg",1600,1066,false],"thumbnail":["https:\/\/www.curico.cl\/home\/wp-content\/uploads\/2026\/09\/LBPCCP-2-300x150.jpeg",300,150,true],"medium":["https:\/\/www.curico.cl\/home\/wp-content\/uploads\/2026\/09\/LBPCCP-2-450x300.jpeg",450,300,true],"large":["https:\/\/www.curico.cl\/home\/wp-content\/uploads\/2026\/09\/LBPCCP-2-1024x682.jpeg",1024,682,true],"1536x1536":["https:\/\/www.curico.cl\/home\/wp-content\/uploads\/2026\/09\/LBPCCP-2-1536x1023.jpeg",1536,1023,true],"2048x2048":["https:\/\/www.curico.cl\/home\/wp-content\/uploads\/2026\/09\/LBPCCP-2.jpeg",1600,1066,false]},"rttpg_author":{"display_name":"Jorge Marto","author_link":"https:\/\/www.curico.cl\/home\/author\/jmarto\/"},"rttpg_comment":0,"rttpg_category":"<a href=\"https:\/\/www.curico.cl\/home\/category\/destacados\/\" rel=\"category tag\">Destacados<\/a> <a href=\"https:\/\/www.curico.cl\/home\/category\/educacion\/\" rel=\"category tag\">Educaci\u00f3n<\/a>","rttpg_excerpt":"Un importante hito en sus 31 a\u00f1os de existencia concret\u00f3 la comunidad educativa del Liceo Bicentenario Polit\u00e9cnico Curic\u00f3, al inaugurar su cancha deportiva, adem\u00e1s de la asunci\u00f3n de su nuevo gobierno estudiantil La ceremonia fue encabezada por el alcalde George Bordachar, director (s) DAEM Claudio Cisternas, director del establecimiento Eduardo Olivera, adem\u00e1s de la representaci\u00f3n&hellip;","_links":{"self":[{"href":"https:\/\/www.curico.cl\/home\/wp-json\/wp\/v2\/posts\/6765","targetHints":{"allow":["GET"]}}],"collection":[{"href":"https:\/\/www.curico.cl\/home\/wp-json\/wp\/v2\/posts"}],"about":[{"href":"https:\/\/www.curico.cl\/home\/wp-json\/wp\/v2\/types\/post"}],"author":[{"embeddable":true,"href":"https:\/\/www.curico.cl\/home\/wp-json\/wp\/v2\/users\/3"}],"replies":[{"embeddable":true,"href":"https:\/\/www.curico.cl\/home\/wp-json\/wp\/v2\/comments?post=6765"}],"version-history":[{"count":2,"href":"https:\/\/www.curico.cl\/home\/wp-json\/wp\/v2\/posts\/6765\/revisions"}],"predecessor-version":[{"id":6769,"href":"https:\/\/www.curico.cl\/home\/wp-json\/wp\/v2\/posts\/6765\/revisions\/6769"}],"wp:featuredmedia":[{"embeddable":true,"href":"https:\/\/www.curico.cl\/home\/wp-json\/wp\/v2\/media\/6766"}],"wp:attachment":[{"href":"https:\/\/www.curico.cl\/home\/wp-json\/wp\/v2\/media?parent=6765"}],"wp:term":[{"taxonomy":"category","embeddable":true,"href":"https:\/\/www.curico.cl\/home\/wp-json\/wp\/v2\/categories?post=6765"},{"taxonomy":"post_tag","embeddable":true,"href":"https:\/\/www.curico.cl\/home\/wp-json\/wp\/v2\/tags?post=6765"}],"curies":[{"name":"wp","href":"https:\/\/api.w.org\/{rel}","templated":true}]}}