{"id":6759,"date":"2026-09-02T08:42:40","date_gmt":"2026-09-02T12:42:40","guid":{"rendered":"https:\/\/www.curico.cl\/home\/?p=6759"},"modified":"2026-09-02T08:42:40","modified_gmt":"2026-09-02T12:42:40","slug":"curico-inicia-programacion-de-fiestas-patrias-con-los-mil-panuelos-al-viento-en-plaza-de-armas","status":"publish","type":"post","link":"https:\/\/www.curico.cl\/home\/curico-inicia-programacion-de-fiestas-patrias-con-los-mil-panuelos-al-viento-en-plaza-de-armas\/","title":{"rendered":"Curic\u00f3 inicia programaci\u00f3n de fiestas patrias con los Mil Pa\u00f1uelos al Viento en Plaza de Armas"},"content":{"rendered":"<p style=\"font-weight: 400\"><strong>La Municipalidad de Curic\u00f3, en conjunto con la Corporaci\u00f3n Cultural y el Departamento de Administraci\u00f3n de Educaci\u00f3n Municipal (DAEM), reuni\u00f3 a cientos de estudiantes y residentes en la Plaza de Armas de la ciudad para dar vida a la tradicional ceremonia escolar \u201cMil Pa\u00f1uelos al Viento\u201d, dando inicio a un mes de celebraci\u00f3n.<\/strong><\/p>\n<p style=\"font-weight: 400\">La actividad se desarroll\u00f3 este martes al mediod\u00eda en la Plaza de Armas, instancia en que los representantes de los colegios de la comuna bailaron cueca en la Plaza de Armas, junto a los vecinos espectadores y las autoridades locales.<\/p>\n<p style=\"font-weight: 400\">El encuentro responde al compromiso del alcalde George Bordachar de relevar el folclore y fortalecer las tradiciones c\u00edvicas y culturales, a trav\u00e9s de la comunidad educativa. M\u00e1s a\u00fan cuando se trata de una instancia que da la bienvenida oficial al Mes de la Patria.<\/p>\n<p style=\"font-weight: 400\">Con m\u00e1s de una d\u00e9cada de trayectoria, esta iniciativa se organiz\u00f3 de forma colaborativa entre el municipio, la Corporaci\u00f3n Cultural y el DAEM. La jornada reuni\u00f3 a destacadas autoridades regionales y locales, entre ellas el alcalde George Bordachar; Eugenia Ludue\u00f1a, representante de la Delegaci\u00f3n Presidencial; Claudio Cisternas, jefe del DAEM; y los concejales: Constanza Pinto, Francisco Sanz, Ivette Cheyre, Mario Undurraga, Edgardo Reyes, Pilar Contardo y Raimundo Canquil.<\/p>\n<p style=\"font-weight: 400\">Cristian Pe\u00f1aloza, director de la Corporaci\u00f3n Cultural, destac\u00f3 el apoyo a esta tradicional muestra:<\/p>\n<p style=\"font-weight: 400\"><em>\u201cEs una actividad que comenz\u00f3 hace varios a\u00f1os a trav\u00e9s del Daem, pero que la corporaci\u00f3n estuvo apoyando desde el a\u00f1o pasado y este a\u00f1o, para que esta actividad no se pierda, tome cada vez m\u00e1s fuerza. Es una actividad que da inicio a las fiestas patrias, en el mes de la patria, as\u00ed que estamos contentos de la convocatoria\u201d,\u00a0<\/em>se\u00f1al\u00f3<em>.<\/em><\/p>\n<p style=\"font-weight: 400\"><strong>\u00a0<\/strong><strong>Presencia del folclore y trabajo comunal<\/strong><\/p>\n<p style=\"font-weight: 400\">La actividad contempl\u00f3 la presentaci\u00f3n masiva de parejas de baile de distintos establecimientos escolares, quienes al son de la cueca dieron inicio formal a las festividades de septiembre en el coraz\u00f3n de Curic\u00f3.<\/p>\n<p style=\"font-weight: 400\">Respecto a la trascendencia de mantener viva la cultura en la comuna, el alcalde George Bordachar se\u00f1al\u00f3:<\/p>\n<p style=\"font-weight: 400\"><em>\u201cLa cultura siempre est\u00e1 presente. Nosotros tenemos un tremendo director de la Corporaci\u00f3n Cultural, donde contamos con muchas manifestaciones de cultura. Hoy d\u00eda estamos viendo los pa\u00f1uelos al viento, el folclore, que siempre estamos potenci\u00e1ndolo, as\u00ed que es parte nuestra, es parte de nuestro trabajo diario como alcalde de Curic\u00f3\u201d,\u00a0<\/em>mencion\u00f3<em>.<\/em><\/p>\n<p style=\"font-weight: 400\"><em>\u00a0<\/em><strong>Espacio de participaci\u00f3n escolar<\/strong><\/p>\n<p style=\"font-weight: 400\">La instancia tambi\u00e9n cont\u00f3 con una destacada presentaci\u00f3n de los campeones regionales de cueca escolar, quienes deleitaron al p\u00fablico con su destreza y recibieron un merecido reconocimiento de manos de las autoridades locales frente a todos los asistentes presentes.<\/p>\n<p style=\"font-weight: 400\">La ceremonia cont\u00f3 con acceso libre y gratuito para todos los vecinos, congregando a familias, delegaciones escolares y transe\u00fantes que se sumaron contentos a celebrar el inicio de las Fiestas Patrias.<\/p>\n<p><img fetchpriority=\"high\" decoding=\"async\" class=\"alignnone size-medium wp-image-6761\" src=\"https:\/\/www.curico.cl\/home\/wp-content\/uploads\/2026\/09\/Mil-Panuelos-al-Viento-10-450x300.jpeg\" alt=\"\" width=\"450\" height=\"300\" srcset=\"https:\/\/www.curico.cl\/home\/wp-content\/uploads\/2026\/09\/Mil-Panuelos-al-Viento-10-450x300.jpeg 450w, https:\/\/www.curico.cl\/home\/wp-content\/uploads\/2026\/09\/Mil-Panuelos-al-Viento-10-1024x682.jpeg 1024w, https:\/\/www.curico.cl\/home\/wp-content\/uploads\/2026\/09\/Mil-Panuelos-al-Viento-10-768x512.jpeg 768w, https:\/\/www.curico.cl\/home\/wp-content\/uploads\/2026\/09\/Mil-Panuelos-al-Viento-10.jpeg 1280w\" sizes=\"(max-width: 450px) 100vw, 450px\" \/><img decoding=\"async\" class=\"alignnone size-medium wp-image-6762\" src=\"https:\/\/www.curico.cl\/home\/wp-content\/uploads\/2026\/09\/Mil-Panuelos-al-Viento-7-450x300.jpeg\" alt=\"\" width=\"450\" height=\"300\" srcset=\"https:\/\/www.curico.cl\/home\/wp-content\/uploads\/2026\/09\/Mil-Panuelos-al-Viento-7-450x300.jpeg 450w, https:\/\/www.curico.cl\/home\/wp-content\/uploads\/2026\/09\/Mil-Panuelos-al-Viento-7-1024x682.jpeg 1024w, https:\/\/www.curico.cl\/home\/wp-content\/uploads\/2026\/09\/Mil-Panuelos-al-Viento-7-768x512.jpeg 768w, https:\/\/www.curico.cl\/home\/wp-content\/uploads\/2026\/09\/Mil-Panuelos-al-Viento-7.jpeg 1280w\" sizes=\"(max-width: 450px) 100vw, 450px\" \/><\/p>\n","protected":false},"excerpt":{"rendered":"<p>La Municipalidad de Curic\u00f3, en conjunto con la Corporaci\u00f3n Cultural y el Departamento de Administraci\u00f3n de Educaci\u00f3n Municipal (DAEM), reuni\u00f3 a cientos de estudiantes y residentes en la Plaza de Armas de la ciudad para dar vida a la tradicional ceremonia escolar \u201cMil Pa\u00f1uelos al Viento\u201d, dando inicio a un mes de celebraci\u00f3n. La actividad [&hellip;]<\/p>\n","protected":false},"author":4,"featured_media":6760,"comment_status":"closed","ping_status":"closed","sticky":false,"template":"","format":"standard","meta":{"footnotes":""},"categories":[14,45,78],"tags":[],"class_list":["post-6759","post","type-post","status-publish","format-standard","has-post-thumbnail","hentry","category-cultura","category-destacados","category-educacion"],"rttpg_featured_image_url":{"full":["https:\/\/www.curico.cl\/home\/wp-content\/uploads\/2026\/09\/Mil-Panuelos-al-Viento-1.jpeg",1280,853,false],"landscape":["https:\/\/www.curico.cl\/home\/wp-content\/uploads\/2026\/09\/Mil-Panuelos-al-Viento-1.jpeg",1280,853,false],"portraits":["https:\/\/www.curico.cl\/home\/wp-content\/uploads\/2026\/09\/Mil-Panuelos-al-Viento-1.jpeg",1280,853,false],"thumbnail":["https:\/\/www.curico.cl\/home\/wp-content\/uploads\/2026\/09\/Mil-Panuelos-al-Viento-1-300x150.jpeg",300,150,true],"medium":["https:\/\/www.curico.cl\/home\/wp-content\/uploads\/2026\/09\/Mil-Panuelos-al-Viento-1-450x300.jpeg",450,300,true],"large":["https:\/\/www.curico.cl\/home\/wp-content\/uploads\/2026\/09\/Mil-Panuelos-al-Viento-1-1024x682.jpeg",1024,682,true],"1536x1536":["https:\/\/www.curico.cl\/home\/wp-content\/uploads\/2026\/09\/Mil-Panuelos-al-Viento-1.jpeg",1280,853,false],"2048x2048":["https:\/\/www.curico.cl\/home\/wp-content\/uploads\/2026\/09\/Mil-Panuelos-al-Viento-1.jpeg",1280,853,false]},"rttpg_author":{"display_name":"Karems Benitez","author_link":"https:\/\/www.curico.cl\/home\/author\/kbenitez\/"},"rttpg_comment":0,"rttpg_category":"<a href=\"https:\/\/www.curico.cl\/home\/category\/cultura\/\" rel=\"category tag\">Cultura<\/a> <a href=\"https:\/\/www.curico.cl\/home\/category\/destacados\/\" rel=\"category tag\">Destacados<\/a> <a href=\"https:\/\/www.curico.cl\/home\/category\/educacion\/\" rel=\"category tag\">Educaci\u00f3n<\/a>","rttpg_excerpt":"La Municipalidad de Curic\u00f3, en conjunto con la Corporaci\u00f3n Cultural y el Departamento de Administraci\u00f3n de Educaci\u00f3n Municipal (DAEM), reuni\u00f3 a cientos de estudiantes y residentes en la Plaza de Armas de la ciudad para dar vida a la tradicional ceremonia escolar \u201cMil Pa\u00f1uelos al Viento\u201d, dando inicio a un mes de celebraci\u00f3n. La actividad&hellip;","_links":{"self":[{"href":"https:\/\/www.curico.cl\/home\/wp-json\/wp\/v2\/posts\/6759","targetHints":{"allow":["GET"]}}],"collection":[{"href":"https:\/\/www.curico.cl\/home\/wp-json\/wp\/v2\/posts"}],"about":[{"href":"https:\/\/www.curico.cl\/home\/wp-json\/wp\/v2\/types\/post"}],"author":[{"embeddable":true,"href":"https:\/\/www.curico.cl\/home\/wp-json\/wp\/v2\/users\/4"}],"replies":[{"embeddable":true,"href":"https:\/\/www.curico.cl\/home\/wp-json\/wp\/v2\/comments?post=6759"}],"version-history":[{"count":1,"href":"https:\/\/www.curico.cl\/home\/wp-json\/wp\/v2\/posts\/6759\/revisions"}],"predecessor-version":[{"id":6763,"href":"https:\/\/www.curico.cl\/home\/wp-json\/wp\/v2\/posts\/6759\/revisions\/6763"}],"wp:featuredmedia":[{"embeddable":true,"href":"https:\/\/www.curico.cl\/home\/wp-json\/wp\/v2\/media\/6760"}],"wp:attachment":[{"href":"https:\/\/www.curico.cl\/home\/wp-json\/wp\/v2\/media?parent=6759"}],"wp:term":[{"taxonomy":"category","embeddable":true,"href":"https:\/\/www.curico.cl\/home\/wp-json\/wp\/v2\/categories?post=6759"},{"taxonomy":"post_tag","embeddable":true,"href":"https:\/\/www.curico.cl\/home\/wp-json\/wp\/v2\/tags?post=6759"}],"curies":[{"name":"wp","href":"https:\/\/api.w.org\/{rel}","templated":true}]}}