{"id":6751,"date":"2026-09-01T10:02:22","date_gmt":"2026-09-01T14:02:22","guid":{"rendered":"https:\/\/www.curico.cl\/home\/?p=6751"},"modified":"2026-09-01T10:02:22","modified_gmt":"2026-09-01T14:02:22","slug":"municipalidad-de-curico-da-el-vamos-oficial-al-mes-de-la-patria","status":"publish","type":"post","link":"https:\/\/www.curico.cl\/home\/municipalidad-de-curico-da-el-vamos-oficial-al-mes-de-la-patria\/","title":{"rendered":"Municipalidad de Curic\u00f3 da el vamos oficial al mes de la patria"},"content":{"rendered":"<div>\n<p><b>En el marco del mes de la patria, en la explanada del Cerro Carlos Condell, se dio a conocer la gran programaci\u00f3n del mes de septiembre, la que cuenta con m\u00faltiples desfiles y actividades por sectores\u2026 todo este trabajo es realizado \u201cunidos\u201d entre la Municipalidad de Curic\u00f3, el Departamento de Educaci\u00f3n DAEM, la Corporaci\u00f3n Cultural y tambi\u00e9n la de deporte.<\/b><\/p>\n<p><b>\u00a0<\/b><\/p>\n<p>La actividad del lanzamiento fue encabezada por del alcalde George Bordachar; adem\u00e1s lo acompa\u00f1\u00f3, Marcelo Fern\u00e1ndez, administrador municipal; representantes de PDI y Carabineros; dirigentes vecinales y los concejales; Constanza Pinto, Mario Undurraga, Edgardo Reyes y Pilar Contardo. Por otro lado, algunos alumnos de los establecimientos educacionales Mar\u00eda In\u00e9s Rodr\u00edguez y Escuela Balmaceda, quienes aprovecharon de practicar juegos t\u00edpicos, en el sector de Planch\u00f3n.<\/p>\n<p>&nbsp;<\/p>\n<p><b>Desfiles de Curic\u00f3<\/b><\/p>\n<p>&nbsp;<\/p>\n<p>Son m\u00faltiples las actividades preparadas para estas fechas, destacando el tradicional desfile de la Plaza de Armas, el d\u00eda 15, a las 12 del d\u00eda, el que contar\u00eda, con representantes del ej\u00e9rcito de Chile, Carabineros y la Armadas; adem\u00e1s de \u201cfuerzas vivas\u201d de toda la comuna de Curic\u00f3.<\/p>\n<p>&nbsp;<\/p>\n<p>El Alcalde George Bordachar respecto a las acciones del mes de la patria coment\u00f3: \u201cTenemos muchas actividades\u2026 desfiles en Sarmiento, La Obra, Aguas Negras, adem\u00e1s de la fiesta de la chilenidad, septiembre es un mes para compartir en familia y desde la Municipalidad de Curic\u00f3 hemos hecho un tremendo esfuerzo para tener estas actividades, en el caso de los ramaderos, ser\u00e1 diferente, ya que ellos se har\u00e1n cargo de las ramadas, pero contar\u00e1n con el apoyo de la Municipalidad en su organizaci\u00f3n\u201d. A su vez, la m\u00e1xima autoridad comunal recalc\u00f3 de la importancia del trabajo con los emprendedores locales.<\/p>\n<p>&nbsp;<\/p>\n<p>Con esa misma premisa \u2013tal como lo mencionaba la m\u00e1xima autoridad comunal- se realizar\u00e1n otros tres desfiles (adem\u00e1s del principal del d\u00eda 15) en Curic\u00f3\u2026 los que ser\u00edan en La Obra (02\/09, a las 15 horas); Sector Sur Poniente (06\/09, a las 12 horas) y Sarmiento (13\/09, a las 12 horas), seg\u00fan coment\u00f3 Mildred Fuentes, representante de DIDECO.<\/p>\n<p>&nbsp;<\/p>\n<p><b>Fiesta de la Chilenidad del 3 al 6 de septiembre<\/b><\/p>\n<p><b>\u00a0<\/b><\/p>\n<p>Cristian Pe\u00f1aloza, Gerente de la Corporaci\u00f3n Cultural \u201cTenemos un panorama bien nutrido de agrupaciones que son netamente folcl\u00f3ricas, en estas fechas tratamos de dar prioridad a agrupaciones que cultivan el folclor nacional, vamos a tener cerca de 100 agrupaciones que van a estar present\u00e1ndose durante los cuatro d\u00edas de fiestas, luego daremos a conocer agrupaciones de nivel nacional, que cerrar\u00e1n las noches del d\u00eda viernes y s\u00e1bado\u201d.<\/p>\n<p>&nbsp;<\/p>\n<p><b>M\u00faltiples actividades<\/b><\/p>\n<p>&nbsp;<\/p>\n<p>El uno de septiembre comienza esto con los \u201cmil pa\u00f1uelos al viento\u201d, en Plaza de Armas en Calle Carmen. El 4 de septiembre, Culto de Acci\u00f3n de Gracias por la Patria, Iglesia Vida y Familia (Carmen 1049) a las 19:30 horas. 12 septiembre, Izamiento de la bandera Chilena en la Plaza de Armas. A las 12 de ese d\u00eda \u00a1A Zapatear Por el Planeta! (punto limpio L\u00edder Balmaceda). El 15 Tedeum Cat\u00f3lico y la instalaci\u00f3n de la placa de los 100 a\u00f1os de la Di\u00f3cesis de Talca, en la Iglesia Matriz, a las 10:30. Ese d\u00eda a las 15 horas, Fiesta de la Chilenidad y Muestra gastron\u00f3mica de la Escuela la Obra. El 18 y 19 de septiembre est\u00e1 el Tradicional Paseo en el Cerro Carlos Condell. Mientras que el 20, se realizar\u00e1 el Culto de Acci\u00f3n de Gracias por la Patria, en la Catedral de Iglesia Pentecostal de Chile, a las 11 de la ma\u00f1ana.<\/p>\n<p>&nbsp;<\/p>\n<p><b>Ramadas y Fondas Populares<\/b><\/p>\n<p>&nbsp;<\/p>\n<p>El d\u00eda 17, a las 19 horas es la Inauguraci\u00f3n de las Ramadas y Fondas Populares, actividad organizada por la \u201cAsociaci\u00f3n de Ramaderos\u201d. Recordar que desde los d\u00edas viernes 18, hasta domingo 20 se desarrollar\u00e1n las Ramadas Populares, en Explanada del Estadio La Granja.<\/p>\n<p>&nbsp;<\/p>\n<p>Claudio San Mart\u00edn, presidente de la Asociaci\u00f3n de Ramaderos de Curic\u00f3, agreg\u00f3: \u201cDel 18 al 20 las ramadas comenzaran a medio d\u00eda con agrupaciones folcl\u00f3ricas y rancheras en el escenario. Est\u00e1n todos invitados\u201d.<\/p>\n<p>&nbsp;<\/p>\n<p>Mayores novedades ser\u00e1n entregadas por las redes oficiales de la Municipalidad de Curic\u00f3.<\/p>\n<p><img fetchpriority=\"high\" decoding=\"async\" class=\"alignnone size-medium wp-image-6753\" src=\"https:\/\/www.curico.cl\/home\/wp-content\/uploads\/2026\/09\/mes-chilenidad-3-400x300.jpeg\" alt=\"\" width=\"400\" height=\"300\" srcset=\"https:\/\/www.curico.cl\/home\/wp-content\/uploads\/2026\/09\/mes-chilenidad-3-400x300.jpeg 400w, https:\/\/www.curico.cl\/home\/wp-content\/uploads\/2026\/09\/mes-chilenidad-3-1024x768.jpeg 1024w, https:\/\/www.curico.cl\/home\/wp-content\/uploads\/2026\/09\/mes-chilenidad-3-768x576.jpeg 768w, https:\/\/www.curico.cl\/home\/wp-content\/uploads\/2026\/09\/mes-chilenidad-3-1536x1152.jpeg 1536w, https:\/\/www.curico.cl\/home\/wp-content\/uploads\/2026\/09\/mes-chilenidad-3.jpeg 1600w\" sizes=\"(max-width: 400px) 100vw, 400px\" \/> <img decoding=\"async\" class=\"alignnone size-medium wp-image-6754\" src=\"https:\/\/www.curico.cl\/home\/wp-content\/uploads\/2026\/09\/mes-chilenidad-2-400x300.jpeg\" alt=\"\" width=\"400\" height=\"300\" srcset=\"https:\/\/www.curico.cl\/home\/wp-content\/uploads\/2026\/09\/mes-chilenidad-2-400x300.jpeg 400w, https:\/\/www.curico.cl\/home\/wp-content\/uploads\/2026\/09\/mes-chilenidad-2-1024x768.jpeg 1024w, https:\/\/www.curico.cl\/home\/wp-content\/uploads\/2026\/09\/mes-chilenidad-2-768x576.jpeg 768w, https:\/\/www.curico.cl\/home\/wp-content\/uploads\/2026\/09\/mes-chilenidad-2-1536x1152.jpeg 1536w, https:\/\/www.curico.cl\/home\/wp-content\/uploads\/2026\/09\/mes-chilenidad-2.jpeg 1600w\" sizes=\"(max-width: 400px) 100vw, 400px\" \/><img decoding=\"async\" class=\"alignnone size-medium wp-image-6755\" src=\"https:\/\/www.curico.cl\/home\/wp-content\/uploads\/2026\/09\/mes-chilenidad-4-400x300.jpeg\" alt=\"\" width=\"400\" height=\"300\" srcset=\"https:\/\/www.curico.cl\/home\/wp-content\/uploads\/2026\/09\/mes-chilenidad-4-400x300.jpeg 400w, https:\/\/www.curico.cl\/home\/wp-content\/uploads\/2026\/09\/mes-chilenidad-4-1024x768.jpeg 1024w, https:\/\/www.curico.cl\/home\/wp-content\/uploads\/2026\/09\/mes-chilenidad-4-768x576.jpeg 768w, https:\/\/www.curico.cl\/home\/wp-content\/uploads\/2026\/09\/mes-chilenidad-4-1536x1152.jpeg 1536w, https:\/\/www.curico.cl\/home\/wp-content\/uploads\/2026\/09\/mes-chilenidad-4.jpeg 1600w\" sizes=\"(max-width: 400px) 100vw, 400px\" \/><img loading=\"lazy\" decoding=\"async\" class=\"alignnone size-medium wp-image-6756\" src=\"https:\/\/www.curico.cl\/home\/wp-content\/uploads\/2026\/09\/mes-chilenidad-5-400x300.jpeg\" alt=\"\" width=\"400\" height=\"300\" srcset=\"https:\/\/www.curico.cl\/home\/wp-content\/uploads\/2026\/09\/mes-chilenidad-5-400x300.jpeg 400w, https:\/\/www.curico.cl\/home\/wp-content\/uploads\/2026\/09\/mes-chilenidad-5-1024x768.jpeg 1024w, https:\/\/www.curico.cl\/home\/wp-content\/uploads\/2026\/09\/mes-chilenidad-5-768x576.jpeg 768w, https:\/\/www.curico.cl\/home\/wp-content\/uploads\/2026\/09\/mes-chilenidad-5-1536x1152.jpeg 1536w, https:\/\/www.curico.cl\/home\/wp-content\/uploads\/2026\/09\/mes-chilenidad-5.jpeg 1600w\" sizes=\"(max-width: 400px) 100vw, 400px\" \/><\/p>\n<\/div>\n<div><\/div>\n","protected":false},"excerpt":{"rendered":"<p>En el marco del mes de la patria, en la explanada del Cerro Carlos Condell, se dio a conocer la gran programaci\u00f3n del mes de septiembre, la que cuenta con m\u00faltiples desfiles y actividades por sectores\u2026 todo este trabajo es realizado \u201cunidos\u201d entre la Municipalidad de Curic\u00f3, el Departamento de Educaci\u00f3n DAEM, la Corporaci\u00f3n Cultural [&hellip;]<\/p>\n","protected":false},"author":3,"featured_media":6752,"comment_status":"closed","ping_status":"closed","sticky":false,"template":"","format":"standard","meta":{"footnotes":""},"categories":[16,14,45],"tags":[174],"class_list":["post-6751","post","type-post","status-publish","format-standard","has-post-thumbnail","hentry","category-actividades","category-cultura","category-destacados","tag-unidos"],"rttpg_featured_image_url":{"full":["https:\/\/www.curico.cl\/home\/wp-content\/uploads\/2026\/09\/mes-chilenidad-1.jpeg",1600,1200,false],"landscape":["https:\/\/www.curico.cl\/home\/wp-content\/uploads\/2026\/09\/mes-chilenidad-1.jpeg",1600,1200,false],"portraits":["https:\/\/www.curico.cl\/home\/wp-content\/uploads\/2026\/09\/mes-chilenidad-1.jpeg",1600,1200,false],"thumbnail":["https:\/\/www.curico.cl\/home\/wp-content\/uploads\/2026\/09\/mes-chilenidad-1-300x150.jpeg",300,150,true],"medium":["https:\/\/www.curico.cl\/home\/wp-content\/uploads\/2026\/09\/mes-chilenidad-1-400x300.jpeg",400,300,true],"large":["https:\/\/www.curico.cl\/home\/wp-content\/uploads\/2026\/09\/mes-chilenidad-1-1024x768.jpeg",1024,768,true],"1536x1536":["https:\/\/www.curico.cl\/home\/wp-content\/uploads\/2026\/09\/mes-chilenidad-1-1536x1152.jpeg",1536,1152,true],"2048x2048":["https:\/\/www.curico.cl\/home\/wp-content\/uploads\/2026\/09\/mes-chilenidad-1.jpeg",1600,1200,false]},"rttpg_author":{"display_name":"Jorge Marto","author_link":"https:\/\/www.curico.cl\/home\/author\/jmarto\/"},"rttpg_comment":0,"rttpg_category":"<a href=\"https:\/\/www.curico.cl\/home\/category\/actividades\/\" rel=\"category tag\">Actividades<\/a> <a href=\"https:\/\/www.curico.cl\/home\/category\/cultura\/\" rel=\"category tag\">Cultura<\/a> <a href=\"https:\/\/www.curico.cl\/home\/category\/destacados\/\" rel=\"category tag\">Destacados<\/a>","rttpg_excerpt":"En el marco del mes de la patria, en la explanada del Cerro Carlos Condell, se dio a conocer la gran programaci\u00f3n del mes de septiembre, la que cuenta con m\u00faltiples desfiles y actividades por sectores\u2026 todo este trabajo es realizado \u201cunidos\u201d entre la Municipalidad de Curic\u00f3, el Departamento de Educaci\u00f3n DAEM, la Corporaci\u00f3n Cultural&hellip;","_links":{"self":[{"href":"https:\/\/www.curico.cl\/home\/wp-json\/wp\/v2\/posts\/6751","targetHints":{"allow":["GET"]}}],"collection":[{"href":"https:\/\/www.curico.cl\/home\/wp-json\/wp\/v2\/posts"}],"about":[{"href":"https:\/\/www.curico.cl\/home\/wp-json\/wp\/v2\/types\/post"}],"author":[{"embeddable":true,"href":"https:\/\/www.curico.cl\/home\/wp-json\/wp\/v2\/users\/3"}],"replies":[{"embeddable":true,"href":"https:\/\/www.curico.cl\/home\/wp-json\/wp\/v2\/comments?post=6751"}],"version-history":[{"count":1,"href":"https:\/\/www.curico.cl\/home\/wp-json\/wp\/v2\/posts\/6751\/revisions"}],"predecessor-version":[{"id":6757,"href":"https:\/\/www.curico.cl\/home\/wp-json\/wp\/v2\/posts\/6751\/revisions\/6757"}],"wp:featuredmedia":[{"embeddable":true,"href":"https:\/\/www.curico.cl\/home\/wp-json\/wp\/v2\/media\/6752"}],"wp:attachment":[{"href":"https:\/\/www.curico.cl\/home\/wp-json\/wp\/v2\/media?parent=6751"}],"wp:term":[{"taxonomy":"category","embeddable":true,"href":"https:\/\/www.curico.cl\/home\/wp-json\/wp\/v2\/categories?post=6751"},{"taxonomy":"post_tag","embeddable":true,"href":"https:\/\/www.curico.cl\/home\/wp-json\/wp\/v2\/tags?post=6751"}],"curies":[{"name":"wp","href":"https:\/\/api.w.org\/{rel}","templated":true}]}}