{"id":6747,"date":"2026-09-01T09:21:52","date_gmt":"2026-09-01T13:21:52","guid":{"rendered":"https:\/\/www.curico.cl\/home\/?p=6747"},"modified":"2026-09-01T09:22:56","modified_gmt":"2026-09-01T13:22:56","slug":"corporacion-cultural-de-curico-entrega-ciclo-de-cine-regional-gratuito","status":"publish","type":"post","link":"https:\/\/www.curico.cl\/home\/corporacion-cultural-de-curico-entrega-ciclo-de-cine-regional-gratuito\/","title":{"rendered":"Corporaci\u00f3n Cultural de Curic\u00f3 entrega ciclo de cine regional gratuito"},"content":{"rendered":"<p><strong>La Corporaci\u00f3n Cultural de la Municipalidad de Curic\u00f3, junto a la Mesa Audiovisual, invita a todos los curicanos y curicanas a disfrutar de un variado ciclo de cine regional durante el mes de septiembre, en el auditorio de la Corporaci\u00f3n Cultural de Curic\u00f3.<\/strong><\/p>\n<p>La programaci\u00f3n comenzar\u00e1 este mi\u00e9rcoles dos de septiembre, a las 18:00 horas, en el auditorio de la Corporaci\u00f3n Cultural de Curic\u00f3, con la muestra audiovisual \u201cOjo con Curi\u201d, la cual contempla 84 minutos de proyecci\u00f3n y 35 minutos de conversatorio.<\/p>\n<p>La cartelera responde al compromiso del alcalde George Bordachar de acercar actividades culturales gratuitas y de alta calidad a los vecinos y vecinas de la comuna. M\u00e1s si apela a la identidad, como lo es esta actividad.<\/p>\n<p>Esta iniciativa forma parte del proyecto \u201cCirculaci\u00f3n Art\u00edstica para Curic\u00f3\u201d, adjudicado por la Municipalidad a trav\u00e9s del Fondo FNDR 8% 2026 para Actividades Culturales y Programaci\u00f3n de Teatros, del Gobierno Regional del Maule, el cual contempla una cartelera gratuita en el Teatro Provincial y en la Corporaci\u00f3n Cultural de Curic\u00f3.<\/p>\n<p>Estefan\u00eda Zapata, integrante del equipo de gesti\u00f3n de la Corporaci\u00f3n Cultural de Curic\u00f3, destac\u00f3 la importancia de abrir estos espacios a la comunidad:<\/p>\n<p><em>\u201cEstamos felices que en el mes de agosto vamos a contar con una amplia programaci\u00f3n de cine curicano, con realizadores que van a poder exhibir sus trabajos ac\u00e1 en el auditorio de la corporaci\u00f3n Cultural.\u201d<\/em> se\u00f1al\u00f3.<\/p>\n<p><strong>Uso del auditorio y espacio audiovisual<\/strong><\/p>\n<p>La iniciativa contempla la proyecci\u00f3n de diversas obras como videoclips, cortometrajes y series locales acompa\u00f1adas de un conversatorio junto a los asistentes al finalizar cada jornada.<\/p>\n<p>Respecto al valor de ocupar este escenario municipal, David Trivi\u00f1o, integrante de la Mesa Audiovisual y realizador local, se\u00f1al\u00f3:<\/p>\n<p><em>\u201cOcupar estos espacios tambi\u00e9n tiene el logro de poder hacer esa apropiaci\u00f3n, para nosotros venir al auditorio a pedirlo viene, con la responsabilidad de que no venimos a mostrar cualquier cosa, sino que venimos a mostrar trabajos de calidad, venimos a mostrar trabajos de gente que se ha esforzado por crear, y eso creemos que brind\u00e1rselo a un p\u00fablico es positivo\u201d<\/em>. mencion\u00f3.<\/p>\n<p><strong>Cartelera y programaci\u00f3n<\/strong><\/p>\n<p>La programaci\u00f3n comenzar\u00e1 este mi\u00e9rcoles 02 de septiembre, a las 18:00 horas, con la muestra audiovisual \u201cOjo con Curi\u201d. La jornada inaugural contempla la exhibici\u00f3n de videoclips musicales (Absolom y Culto Reggae), el cortometraje <em>\u201cLa mano negra\u201d<\/em> y cap\u00edtulos de las series regionales <em>GENERA<\/em>, <em>REVELANDO LA CIUDAD<\/em> y <em>CURIROCK<\/em>, finalizando con un conversatorio abierto con el p\u00fablico.<\/p>\n<p>El ciclo continuar\u00e1 con nuevas jornadas los d\u00edas mi\u00e9rcoles 9, 23 y 30 de septiembre, siempre en el horario de 18:00 a 20:00 horas.<\/p>\n<p>La entrada es totalmente gratuita para todas las funciones, sin requerir retiro de entradas; el acceso se realizar\u00e1 por orden de llegada hasta alcanzar la capacidad m\u00e1xima del recinto.<\/p>\n<p>Para consultar m\u00e1s informaci\u00f3n sobre las pr\u00f3ximas fechas y novedades de la cartelera, la cual se renovar\u00e1 semanalmente, sigue los perfiles oficiales en redes sociales de la Corporaci\u00f3n Cultural de Curic\u00f3 (@culturalcurico) y de @mesaculturalcurico.<\/p>\n","protected":false},"excerpt":{"rendered":"<p>La Corporaci\u00f3n Cultural de la Municipalidad de Curic\u00f3, junto a la Mesa Audiovisual, invita a todos los curicanos y curicanas a disfrutar de un variado ciclo de cine regional durante el mes de septiembre, en el auditorio de la Corporaci\u00f3n Cultural de Curic\u00f3. La programaci\u00f3n comenzar\u00e1 este mi\u00e9rcoles dos de septiembre, a las 18:00 horas, [&hellip;]<\/p>\n","protected":false},"author":3,"featured_media":6748,"comment_status":"closed","ping_status":"closed","sticky":false,"template":"","format":"standard","meta":{"footnotes":""},"categories":[14,45],"tags":[228,211,92],"class_list":["post-6747","post","type-post","status-publish","format-standard","has-post-thumbnail","hentry","category-cultura","category-destacados","tag-cine","tag-curico","tag-cultura"],"rttpg_featured_image_url":{"full":["https:\/\/www.curico.cl\/home\/wp-content\/uploads\/2026\/09\/WhatsApp-Image-2026-09-01-at-9.08.30-AM.jpeg",1170,1573,false],"landscape":["https:\/\/www.curico.cl\/home\/wp-content\/uploads\/2026\/09\/WhatsApp-Image-2026-09-01-at-9.08.30-AM.jpeg",1170,1573,false],"portraits":["https:\/\/www.curico.cl\/home\/wp-content\/uploads\/2026\/09\/WhatsApp-Image-2026-09-01-at-9.08.30-AM.jpeg",1170,1573,false],"thumbnail":["https:\/\/www.curico.cl\/home\/wp-content\/uploads\/2026\/09\/WhatsApp-Image-2026-09-01-at-9.08.30-AM-300x150.jpeg",300,150,true],"medium":["https:\/\/www.curico.cl\/home\/wp-content\/uploads\/2026\/09\/WhatsApp-Image-2026-09-01-at-9.08.30-AM-223x300.jpeg",223,300,true],"large":["https:\/\/www.curico.cl\/home\/wp-content\/uploads\/2026\/09\/WhatsApp-Image-2026-09-01-at-9.08.30-AM-762x1024.jpeg",762,1024,true],"1536x1536":["https:\/\/www.curico.cl\/home\/wp-content\/uploads\/2026\/09\/WhatsApp-Image-2026-09-01-at-9.08.30-AM-1142x1536.jpeg",1142,1536,true],"2048x2048":["https:\/\/www.curico.cl\/home\/wp-content\/uploads\/2026\/09\/WhatsApp-Image-2026-09-01-at-9.08.30-AM.jpeg",1170,1573,false]},"rttpg_author":{"display_name":"Jorge Marto","author_link":"https:\/\/www.curico.cl\/home\/author\/jmarto\/"},"rttpg_comment":0,"rttpg_category":"<a href=\"https:\/\/www.curico.cl\/home\/category\/cultura\/\" rel=\"category tag\">Cultura<\/a> <a href=\"https:\/\/www.curico.cl\/home\/category\/destacados\/\" rel=\"category tag\">Destacados<\/a>","rttpg_excerpt":"La Corporaci\u00f3n Cultural de la Municipalidad de Curic\u00f3, junto a la Mesa Audiovisual, invita a todos los curicanos y curicanas a disfrutar de un variado ciclo de cine regional durante el mes de septiembre, en el auditorio de la Corporaci\u00f3n Cultural de Curic\u00f3. La programaci\u00f3n comenzar\u00e1 este mi\u00e9rcoles dos de septiembre, a las 18:00 horas,&hellip;","_links":{"self":[{"href":"https:\/\/www.curico.cl\/home\/wp-json\/wp\/v2\/posts\/6747","targetHints":{"allow":["GET"]}}],"collection":[{"href":"https:\/\/www.curico.cl\/home\/wp-json\/wp\/v2\/posts"}],"about":[{"href":"https:\/\/www.curico.cl\/home\/wp-json\/wp\/v2\/types\/post"}],"author":[{"embeddable":true,"href":"https:\/\/www.curico.cl\/home\/wp-json\/wp\/v2\/users\/3"}],"replies":[{"embeddable":true,"href":"https:\/\/www.curico.cl\/home\/wp-json\/wp\/v2\/comments?post=6747"}],"version-history":[{"count":2,"href":"https:\/\/www.curico.cl\/home\/wp-json\/wp\/v2\/posts\/6747\/revisions"}],"predecessor-version":[{"id":6750,"href":"https:\/\/www.curico.cl\/home\/wp-json\/wp\/v2\/posts\/6747\/revisions\/6750"}],"wp:featuredmedia":[{"embeddable":true,"href":"https:\/\/www.curico.cl\/home\/wp-json\/wp\/v2\/media\/6748"}],"wp:attachment":[{"href":"https:\/\/www.curico.cl\/home\/wp-json\/wp\/v2\/media?parent=6747"}],"wp:term":[{"taxonomy":"category","embeddable":true,"href":"https:\/\/www.curico.cl\/home\/wp-json\/wp\/v2\/categories?post=6747"},{"taxonomy":"post_tag","embeddable":true,"href":"https:\/\/www.curico.cl\/home\/wp-json\/wp\/v2\/tags?post=6747"}],"curies":[{"name":"wp","href":"https:\/\/api.w.org\/{rel}","templated":true}]}}