{"id":6731,"date":"2026-08-31T15:09:14","date_gmt":"2026-08-31T19:09:14","guid":{"rendered":"https:\/\/www.curico.cl\/home\/?p=6731"},"modified":"2026-08-31T15:41:46","modified_gmt":"2026-08-31T19:41:46","slug":"curico-inaugura-luego-de-16-anos-su-nueva-estacion-de-ferrocarriles","status":"publish","type":"post","link":"https:\/\/www.curico.cl\/home\/curico-inaugura-luego-de-16-anos-su-nueva-estacion-de-ferrocarriles\/","title":{"rendered":"Curic\u00f3 inaugura luego de 16 a\u00f1os su nueva Estaci\u00f3n de Ferrocarriles"},"content":{"rendered":"<p><strong>La ciudad de Curic\u00f3 recuper\u00f3 su estaci\u00f3n de trenes, que sufri\u00f3 graves da\u00f1os productos del terremoto del 27 de febrero de 2010, su reconstrucci\u00f3n requiri\u00f3 una inversi\u00f3n de cerca de cinco millones de d\u00f3lares, la iniciativa form\u00f3 parte del plan de mejoramiento que abarca el tramo Estaci\u00f3n Central &#8211; Chill\u00e1n.<\/strong><\/p>\n<p>El hito de inauguraci\u00f3n fue presidido por el alcalde George Bordachar, biministro de Obras P\u00fablicas y de Transporte y Telecomunicaciones, Louis de Grange; presidente de EFE, Jorge Claude; adem\u00e1s del delegado presidencial Regional Juan Eduardo Prieto.<\/p>\n<p>El alcalde de Curic\u00f3, George Bordachar, manifest\u00f3 su satisfacci\u00f3n por el cierre de un proceso tan esperado por la comunidad curicana, el que permitir\u00e1 ser un aliado de la reactivaci\u00f3n econom\u00eda, adem\u00e1s de fomentar el turismo: \u201cRecuperamos algo que ten\u00edamos perdido por muchos a\u00f1os, hoy estamos viendo la luz y creemos que esto ser\u00e1 muy positivo para el turismo, para los emprendedores curicanos, adem\u00e1s queremos que muchos visitantes nos vengan a ver\u201d, por otro lado, la m\u00e1xima autoridad comunal, hizo alusi\u00f3n de su antigua labor de consejero regional (CORE) donde aprob\u00f3 recursos para el dise\u00f1o de esta estaci\u00f3n.<\/p>\n<p>Por su parte, el biministro de Grange destac\u00f3 que este proyecto es de estado, por lo que trasciende el gobierno de turno: \u201cExiste un trabajo de a\u00f1os, 16 a\u00f1os despu\u00e9s podemos abrir esta estaci\u00f3n, estas modalidades de transporte dignifican el traslado, permiten acercar las oportunidades a la ciudad de Curic\u00f3\u201d, adem\u00e1s de destacar a cada uno de quienes trabajaron en concretar esta obra.<\/p>\n<p>Quien tambi\u00e9n expres\u00f3 su alegr\u00eda por este importante avance para la comuna y, a su vez, del proceso de modernizaci\u00f3n fue el presidente de EFE, Jorge Claude, se\u00f1alando: \u201cestamos muy contentos porque ponemos a disposici\u00f3n de los curicanos una estaci\u00f3n de primer nivel, que ayudar\u00e1 a los curicanos a acceder a un servicio que presta una gran utilidad\u201d. Coment\u00f3 adem\u00e1s que durante septiembre en Curic\u00f3, los pasajes tienen 15% de descuento.<\/p>\n<p>De igual forma, Juan Eduardo Prieto, delegado presidencial Regional, declar\u00f3 que conoce desde que ocup\u00f3 el cargo de Intendente Regional la necesidad que ten\u00eda la comunidad curicana por contar con una nueva estaci\u00f3n \u201cEste es un hito importante no solo para Curic\u00f3, si no que, para la Regi\u00f3n del Maule, la cantidad de gente demuestra que todos esperaban ac\u00e1 en la comuna que esto se abriera lo antes posible\u201d<\/p>\n<p>La nueva estaci\u00f3n cuenta con c\u00e1maras de seguridad, wifi gratuito, iluminaci\u00f3n eficiente, nueva megafon\u00eda, interfon\u00eda y se\u00f1al\u00e9tica actualizada. Sin duda, un polo de modernizaci\u00f3n que apela a la identidad y el fomento econ\u00f3mico\u2026 pilares fundamentas de la actual administraci\u00f3n.<\/p>\n<p>La puesta en marcha de la nueva instalaci\u00f3n ferroviaria en Curic\u00f3 demuestra el compromiso de la Municipalidad de Curic\u00f3 por fomentar el turismo y transformar a la comuna en la puerta de entrada al centro -sur de Chile.<\/p>\n<p>&nbsp;<\/p>\n<p><img fetchpriority=\"high\" decoding=\"async\" class=\"alignnone size-medium wp-image-6733\" src=\"https:\/\/www.curico.cl\/home\/wp-content\/uploads\/2026\/08\/Efe-Curico-2-400x300.jpeg\" alt=\"\" width=\"400\" height=\"300\" srcset=\"https:\/\/www.curico.cl\/home\/wp-content\/uploads\/2026\/08\/Efe-Curico-2-400x300.jpeg 400w, https:\/\/www.curico.cl\/home\/wp-content\/uploads\/2026\/08\/Efe-Curico-2-1024x768.jpeg 1024w, https:\/\/www.curico.cl\/home\/wp-content\/uploads\/2026\/08\/Efe-Curico-2-768x576.jpeg 768w, https:\/\/www.curico.cl\/home\/wp-content\/uploads\/2026\/08\/Efe-Curico-2-1536x1152.jpeg 1536w, https:\/\/www.curico.cl\/home\/wp-content\/uploads\/2026\/08\/Efe-Curico-2.jpeg 1600w\" sizes=\"(max-width: 400px) 100vw, 400px\" \/><\/p>\n","protected":false},"excerpt":{"rendered":"<p>La ciudad de Curic\u00f3 recuper\u00f3 su estaci\u00f3n de trenes, que sufri\u00f3 graves da\u00f1os productos del terremoto del 27 de febrero de 2010, su reconstrucci\u00f3n requiri\u00f3 una inversi\u00f3n de cerca de cinco millones de d\u00f3lares, la iniciativa form\u00f3 parte del plan de mejoramiento que abarca el tramo Estaci\u00f3n Central &#8211; Chill\u00e1n. El hito de inauguraci\u00f3n fue [&hellip;]<\/p>\n","protected":false},"author":3,"featured_media":6732,"comment_status":"closed","ping_status":"closed","sticky":false,"template":"","format":"standard","meta":{"footnotes":""},"categories":[16,10,6,9],"tags":[227,226],"class_list":["post-6731","post","type-post","status-publish","format-standard","has-post-thumbnail","hentry","category-actividades","category-municipal","category-noticias","category-social","tag-estacion","tag-inaguracion"],"rttpg_featured_image_url":{"full":["https:\/\/www.curico.cl\/home\/wp-content\/uploads\/2026\/08\/Efe-Curico-10.jpeg",1600,1200,false],"landscape":["https:\/\/www.curico.cl\/home\/wp-content\/uploads\/2026\/08\/Efe-Curico-10.jpeg",1600,1200,false],"portraits":["https:\/\/www.curico.cl\/home\/wp-content\/uploads\/2026\/08\/Efe-Curico-10.jpeg",1600,1200,false],"thumbnail":["https:\/\/www.curico.cl\/home\/wp-content\/uploads\/2026\/08\/Efe-Curico-10-300x150.jpeg",300,150,true],"medium":["https:\/\/www.curico.cl\/home\/wp-content\/uploads\/2026\/08\/Efe-Curico-10-400x300.jpeg",400,300,true],"large":["https:\/\/www.curico.cl\/home\/wp-content\/uploads\/2026\/08\/Efe-Curico-10-1024x768.jpeg",1024,768,true],"1536x1536":["https:\/\/www.curico.cl\/home\/wp-content\/uploads\/2026\/08\/Efe-Curico-10-1536x1152.jpeg",1536,1152,true],"2048x2048":["https:\/\/www.curico.cl\/home\/wp-content\/uploads\/2026\/08\/Efe-Curico-10.jpeg",1600,1200,false]},"rttpg_author":{"display_name":"Jorge Marto","author_link":"https:\/\/www.curico.cl\/home\/author\/jmarto\/"},"rttpg_comment":0,"rttpg_category":"<a href=\"https:\/\/www.curico.cl\/home\/category\/actividades\/\" rel=\"category tag\">Actividades<\/a> <a href=\"https:\/\/www.curico.cl\/home\/category\/municipal\/\" rel=\"category tag\">Municipal<\/a> <a href=\"https:\/\/www.curico.cl\/home\/category\/noticias\/\" rel=\"category tag\">Noticias<\/a> <a href=\"https:\/\/www.curico.cl\/home\/category\/social\/\" rel=\"category tag\">Social<\/a>","rttpg_excerpt":"La ciudad de Curic\u00f3 recuper\u00f3 su estaci\u00f3n de trenes, que sufri\u00f3 graves da\u00f1os productos del terremoto del 27 de febrero de 2010, su reconstrucci\u00f3n requiri\u00f3 una inversi\u00f3n de cerca de cinco millones de d\u00f3lares, la iniciativa form\u00f3 parte del plan de mejoramiento que abarca el tramo Estaci\u00f3n Central &#8211; Chill\u00e1n. El hito de inauguraci\u00f3n fue&hellip;","_links":{"self":[{"href":"https:\/\/www.curico.cl\/home\/wp-json\/wp\/v2\/posts\/6731","targetHints":{"allow":["GET"]}}],"collection":[{"href":"https:\/\/www.curico.cl\/home\/wp-json\/wp\/v2\/posts"}],"about":[{"href":"https:\/\/www.curico.cl\/home\/wp-json\/wp\/v2\/types\/post"}],"author":[{"embeddable":true,"href":"https:\/\/www.curico.cl\/home\/wp-json\/wp\/v2\/users\/3"}],"replies":[{"embeddable":true,"href":"https:\/\/www.curico.cl\/home\/wp-json\/wp\/v2\/comments?post=6731"}],"version-history":[{"count":5,"href":"https:\/\/www.curico.cl\/home\/wp-json\/wp\/v2\/posts\/6731\/revisions"}],"predecessor-version":[{"id":6744,"href":"https:\/\/www.curico.cl\/home\/wp-json\/wp\/v2\/posts\/6731\/revisions\/6744"}],"wp:featuredmedia":[{"embeddable":true,"href":"https:\/\/www.curico.cl\/home\/wp-json\/wp\/v2\/media\/6732"}],"wp:attachment":[{"href":"https:\/\/www.curico.cl\/home\/wp-json\/wp\/v2\/media?parent=6731"}],"wp:term":[{"taxonomy":"category","embeddable":true,"href":"https:\/\/www.curico.cl\/home\/wp-json\/wp\/v2\/categories?post=6731"},{"taxonomy":"post_tag","embeddable":true,"href":"https:\/\/www.curico.cl\/home\/wp-json\/wp\/v2\/tags?post=6731"}],"curies":[{"name":"wp","href":"https:\/\/api.w.org\/{rel}","templated":true}]}}