{"id":5780,"date":"2026-03-13T08:21:28","date_gmt":"2026-03-13T11:21:28","guid":{"rendered":"https:\/\/www.curico.cl\/home\/?p=5780"},"modified":"2026-03-13T08:21:28","modified_gmt":"2026-03-13T11:21:28","slug":"curico-ya-cuenta-con-un-ortopantomografo-para-mejorar-diagnosticos-odontologicos","status":"publish","type":"post","link":"https:\/\/www.curico.cl\/home\/curico-ya-cuenta-con-un-ortopantomografo-para-mejorar-diagnosticos-odontologicos\/","title":{"rendered":"Curic\u00f3 ya cuenta con un ortopantom\u00f3grafo para mejorar diagn\u00f3sticos odontol\u00f3gicos"},"content":{"rendered":"<p><em>El equipo permite capturar im\u00e1genes panor\u00e1micas 2D de toda la boca, incluyendo dientes, maxilar y articulaci\u00f3n temporomandibular.<\/em><\/p>\n<p>La Municipalidad de Curic\u00f3, a trav\u00e9s de la Direcci\u00f3n Comunal de Salud, adquiri\u00f3 un ortopantom\u00f3grafo, moderno equipo que permite realizar ex\u00e1menes diagn\u00f3sticos mediante la captura de im\u00e1genes panor\u00e1micas 2D de toda la boca, incluyendo dientes, maxilar y articulaci\u00f3n temporomandibular.<\/p>\n<p>El dispositivo fue adquirido con recursos 100% municipales y signific\u00f3 una inversi\u00f3n de 25 millones de pesos.<\/p>\n<p>El alcalde George Bordachar, junto a los concejales Constanza Pinto, Ivette Cheyre y Francisco Sanz; la directora del Servicio de Salud del Maule, Marta Caro; el director comunal de salud, Nelson Guti\u00e9rrez; adem\u00e1s de directores de Cesfam y usuarios, conocieron el nuevo equipamiento.<\/p>\n<p>En la instancia, el alcalde Bordachar destac\u00f3 el beneficio que esta tecnolog\u00eda traer\u00e1 para la comunidad.<\/p>\n<p>\u201cTodo esto es un gran beneficio para la comunidad y, como hoy lo acabo de comprobar y seg\u00fan lo que indica el m\u00e9dico, permite abaratar los costos para nuestros pacientes. Tambi\u00e9n entregamos la posibilidad de que, si las personas deben continuar un tratamiento en otro lugar, puedan hacerlo con este diagn\u00f3stico previo. Estamos buscando soluciones y mejorando la calidad de la salud de todos los curicanos. Agradezco adem\u00e1s a los profesionales que tenemos hoy, quienes se est\u00e1n perfeccionando d\u00eda a d\u00eda y con este equipo continuaremos mejorando la calidad de la salud\u201d, se\u00f1al\u00f3 la autoridad comunal.<\/p>\n<p><strong>Tratamientos de alto costo<\/strong><\/p>\n<p>La presidenta del Consejo de Desarrollo Local, Margarita Trejos, agradeci\u00f3 la incorporaci\u00f3n de este equipamiento a la red de salud municipal.<\/p>\n<p>\u201cPara m\u00ed es un gran logro, algo inesperado, porque la salud bucal es un tratamiento muy caro y complicado para muchas personas, tanto ni\u00f1os como adultos. Es una maravilla contar con este equipo, que permitir\u00e1 detectar enfermedades antes de que est\u00e9n muy avanzadas y as\u00ed realizar los tratamientos correspondientes a tiempo\u201d, expres\u00f3 la dirigente vecinal.<\/p>\n<p><strong>Funcionamiento del equipo<\/strong><\/p>\n<p>La encargada comunal del \u00e1rea odontol\u00f3gica, Carolina Galindo, explic\u00f3 c\u00f3mo funcionar\u00e1 el ortopantom\u00f3grafo.<\/p>\n<p>\u201cEste equipo es comunal y recibir\u00e1 derivaciones desde todos los centros de salud cuando sea necesario. Est\u00e1 dirigido a pacientes desde los cinco a\u00f1os en adelante y estimamos que m\u00e1s de cien mil personas podr\u00edan ser beneficiarias. Los pacientes ser\u00e1n derivados por los profesionales de los distintos Cesfam, ya que esta imagen permite realizar diagn\u00f3sticos m\u00e1s precisos. Antes solo cont\u00e1bamos con im\u00e1genes de respaldo, pero ahora podremos disponer de esta herramienta para entregar un diagn\u00f3stico certero\u201d, indic\u00f3.<\/p>\n<p><strong>Fortalecimiento de la red de salud<\/strong><\/p>\n<p>La directora del Servicio de Salud del Maule, Marta Caro, valor\u00f3 el trabajo del municipio para fortalecer la red de salud comunal.<\/p>\n<p>\u201cQuiero agradecer el trabajo que se est\u00e1 realizando en Curic\u00f3, liderado por el alcalde George Bordachar, en el esfuerzo por mejorar la resolutividad en diferentes \u00e1mbitos de la salud, incluida la odontolog\u00eda, que muchas veces no se considera prioridad, pero que es muy importante para nuestros usuarios. Este es un gran equipo que permitir\u00e1 contar con diagn\u00f3sticos tanto en el \u00e1mbito odontol\u00f3gico como m\u00e9dico\u201d, se\u00f1al\u00f3.<\/p>\n<p>El ortopantom\u00f3grafo estar\u00e1 ubicado inicialmente en el Cesfam Central y posteriormente ser\u00e1 trasladado al Centro de Resolutividad, que funcionar\u00e1 en dependencias del ex Hospital de Curic\u00f3.<\/p>\n<p><img fetchpriority=\"high\" decoding=\"async\" class=\"alignnone size-medium wp-image-5782\" src=\"https:\/\/www.curico.cl\/home\/wp-content\/uploads\/2026\/03\/WhatsApp-Image-2026-03-12-at-11.52.54-AM-400x300.jpeg\" alt=\"\" width=\"400\" height=\"300\" srcset=\"https:\/\/www.curico.cl\/home\/wp-content\/uploads\/2026\/03\/WhatsApp-Image-2026-03-12-at-11.52.54-AM-400x300.jpeg 400w, https:\/\/www.curico.cl\/home\/wp-content\/uploads\/2026\/03\/WhatsApp-Image-2026-03-12-at-11.52.54-AM-1024x768.jpeg 1024w, https:\/\/www.curico.cl\/home\/wp-content\/uploads\/2026\/03\/WhatsApp-Image-2026-03-12-at-11.52.54-AM-768x576.jpeg 768w, https:\/\/www.curico.cl\/home\/wp-content\/uploads\/2026\/03\/WhatsApp-Image-2026-03-12-at-11.52.54-AM.jpeg 1280w\" sizes=\"(max-width: 400px) 100vw, 400px\" \/><\/p>\n","protected":false},"excerpt":{"rendered":"<p>El equipo permite capturar im\u00e1genes panor\u00e1micas 2D de toda la boca, incluyendo dientes, maxilar y articulaci\u00f3n temporomandibular. La Municipalidad de Curic\u00f3, a trav\u00e9s de la Direcci\u00f3n Comunal de Salud, adquiri\u00f3 un ortopantom\u00f3grafo, moderno equipo que permite realizar ex\u00e1menes diagn\u00f3sticos mediante la captura de im\u00e1genes panor\u00e1micas 2D de toda la boca, incluyendo dientes, maxilar y articulaci\u00f3n [&hellip;]<\/p>\n","protected":false},"author":4,"featured_media":5781,"comment_status":"closed","ping_status":"closed","sticky":false,"template":"","format":"standard","meta":{"footnotes":""},"categories":[45,7],"tags":[],"class_list":["post-5780","post","type-post","status-publish","format-standard","has-post-thumbnail","hentry","category-destacados","category-salud"],"rttpg_featured_image_url":{"full":["https:\/\/www.curico.cl\/home\/wp-content\/uploads\/2026\/03\/WhatsApp-Image-2026-03-12-at-11.52.57-AM-1.jpeg",1280,960,false],"landscape":["https:\/\/www.curico.cl\/home\/wp-content\/uploads\/2026\/03\/WhatsApp-Image-2026-03-12-at-11.52.57-AM-1.jpeg",1280,960,false],"portraits":["https:\/\/www.curico.cl\/home\/wp-content\/uploads\/2026\/03\/WhatsApp-Image-2026-03-12-at-11.52.57-AM-1.jpeg",1280,960,false],"thumbnail":["https:\/\/www.curico.cl\/home\/wp-content\/uploads\/2026\/03\/WhatsApp-Image-2026-03-12-at-11.52.57-AM-1-300x150.jpeg",300,150,true],"medium":["https:\/\/www.curico.cl\/home\/wp-content\/uploads\/2026\/03\/WhatsApp-Image-2026-03-12-at-11.52.57-AM-1-400x300.jpeg",400,300,true],"large":["https:\/\/www.curico.cl\/home\/wp-content\/uploads\/2026\/03\/WhatsApp-Image-2026-03-12-at-11.52.57-AM-1-1024x768.jpeg",1024,768,true],"1536x1536":["https:\/\/www.curico.cl\/home\/wp-content\/uploads\/2026\/03\/WhatsApp-Image-2026-03-12-at-11.52.57-AM-1.jpeg",1280,960,false],"2048x2048":["https:\/\/www.curico.cl\/home\/wp-content\/uploads\/2026\/03\/WhatsApp-Image-2026-03-12-at-11.52.57-AM-1.jpeg",1280,960,false]},"rttpg_author":{"display_name":"Karems Benitez","author_link":"https:\/\/www.curico.cl\/home\/author\/kbenitez\/"},"rttpg_comment":0,"rttpg_category":"<a href=\"https:\/\/www.curico.cl\/home\/category\/destacados\/\" rel=\"category tag\">Destacados<\/a> <a href=\"https:\/\/www.curico.cl\/home\/category\/salud\/\" rel=\"category tag\">Salud<\/a>","rttpg_excerpt":"El equipo permite capturar im\u00e1genes panor\u00e1micas 2D de toda la boca, incluyendo dientes, maxilar y articulaci\u00f3n temporomandibular. La Municipalidad de Curic\u00f3, a trav\u00e9s de la Direcci\u00f3n Comunal de Salud, adquiri\u00f3 un ortopantom\u00f3grafo, moderno equipo que permite realizar ex\u00e1menes diagn\u00f3sticos mediante la captura de im\u00e1genes panor\u00e1micas 2D de toda la boca, incluyendo dientes, maxilar y articulaci\u00f3n&hellip;","_links":{"self":[{"href":"https:\/\/www.curico.cl\/home\/wp-json\/wp\/v2\/posts\/5780","targetHints":{"allow":["GET"]}}],"collection":[{"href":"https:\/\/www.curico.cl\/home\/wp-json\/wp\/v2\/posts"}],"about":[{"href":"https:\/\/www.curico.cl\/home\/wp-json\/wp\/v2\/types\/post"}],"author":[{"embeddable":true,"href":"https:\/\/www.curico.cl\/home\/wp-json\/wp\/v2\/users\/4"}],"replies":[{"embeddable":true,"href":"https:\/\/www.curico.cl\/home\/wp-json\/wp\/v2\/comments?post=5780"}],"version-history":[{"count":1,"href":"https:\/\/www.curico.cl\/home\/wp-json\/wp\/v2\/posts\/5780\/revisions"}],"predecessor-version":[{"id":5783,"href":"https:\/\/www.curico.cl\/home\/wp-json\/wp\/v2\/posts\/5780\/revisions\/5783"}],"wp:featuredmedia":[{"embeddable":true,"href":"https:\/\/www.curico.cl\/home\/wp-json\/wp\/v2\/media\/5781"}],"wp:attachment":[{"href":"https:\/\/www.curico.cl\/home\/wp-json\/wp\/v2\/media?parent=5780"}],"wp:term":[{"taxonomy":"category","embeddable":true,"href":"https:\/\/www.curico.cl\/home\/wp-json\/wp\/v2\/categories?post=5780"},{"taxonomy":"post_tag","embeddable":true,"href":"https:\/\/www.curico.cl\/home\/wp-json\/wp\/v2\/tags?post=5780"}],"curies":[{"name":"wp","href":"https:\/\/api.w.org\/{rel}","templated":true}]}}