{"id":5774,"date":"2026-03-09T11:01:23","date_gmt":"2026-03-09T14:01:23","guid":{"rendered":"https:\/\/www.curico.cl\/home\/?p=5774"},"modified":"2026-03-09T11:01:23","modified_gmt":"2026-03-09T14:01:23","slug":"dia-internacional-de-la-mujer-reunio-a-la-comunidad-en-torno-al-bienestar-el-autocuidado-y-la-participacion","status":"publish","type":"post","link":"https:\/\/www.curico.cl\/home\/dia-internacional-de-la-mujer-reunio-a-la-comunidad-en-torno-al-bienestar-el-autocuidado-y-la-participacion\/","title":{"rendered":"D\u00eda Internacional de la Mujer:  Reuni\u00f3 a la comunidad en torno al bienestar, el autocuidado y la participaci\u00f3n"},"content":{"rendered":"<p style=\"font-weight: 400\">En el marco de la conmemoraci\u00f3n del D\u00eda Internacional de la Mujer, el municipio de Curic\u00f3 desarroll\u00f3 una jornada especial orientada a promover espacios de bienestar, autocuidado, participaci\u00f3n y encuentro entre las mujeres de toda la comuna. La actividad fue organizada por la Oficina de la Mujer de la Municipalidad de Curic\u00f3, en conjunto con la Corporaci\u00f3n de Deportes, convocando a diversas oficinas y departamentos municipales, con el objetivo de visibilizar la oferta program\u00e1tica disponible para las mujeres del territorio.<\/p>\n<p style=\"font-weight: 400\">La instancia fue encabezada por la m\u00e1xima autoridad comunal, el alcalde George Bordachar, quien actu\u00f3 como anfitri\u00f3n de la jornada y entreg\u00f3 un saludo especial a las asistentes en el contexto del 8M. En su intervenci\u00f3n, el jefe comunal destac\u00f3 la importancia de fortalecer las alianzas entre las distintas oficinas municipales y la red comunal, con el prop\u00f3sito de brindar una atenci\u00f3n integral a las mujeres y responder de manera efectiva a las necesidades de la comunidad, reafirmando el compromiso de trabajar \u201cunidos\u201d por el bienestar de las vecinas de la comuna.<\/p>\n<p style=\"font-weight: 400\"><em>\u201cEs tan importante esta conmemoraci\u00f3n. Agradecer que nos haya acompa\u00f1ado don Humberto Aqueveque, delegado presidencial regional, tambi\u00e9n a la SEREMI de gobierno Luc\u00eda Bozo, a Carabineros de Chile, a la PDI, a todas y todos los funcionarios municipales, porque hoy regaloneamos a nuestras mujeres, aunque se lo merecen todos los d\u00edas del a\u00f1o. Hoy lo conmemoramos en las piscinas del estadio La Granja, lo celebramos d\u00eda a d\u00eda\u201d<\/em>, explic\u00f3 el alcalde Bordachar. Finalmente agreg\u00f3:\u00a0<em>\u201cYo soy orgulloso de ser hijo de una mujer que tuvo 11 hijos, tengo tres hijas, una nieta y viene otra nieta, por lo que para m\u00ed son muy importantes\u201d<\/em>.<\/p>\n<p style=\"font-weight: 400\">Tal como lo explic\u00f3 el edil, adem\u00e1s dijeron presente: el delegado presidencial Humberto Aqueveque, la SEREMI de Gobierno Luc\u00eda Bozo, las concejales Constanza Pinto, Ivette Cheyre y Paulina Bravo.<\/p>\n<p style=\"font-weight: 400\">Durante la actividad tambi\u00e9n se relev\u00f3 el concurso \u201cCuricanas Valor e Inspiraci\u00f3n\u201d, iniciativa de participaci\u00f3n ciudadana que busca reconocer y visibilizar a mujeres que dejan una huella positiva en sus comunidades. En ese sentido, el alcalde invit\u00f3 a la comunidad a participar activamente postulando a mujeres que destaquen por su liderazgo, compromiso y aporte social.<\/p>\n<p style=\"font-weight: 400\">La jornada incluy\u00f3 adem\u00e1s diversos talleres y actividades deportivas abiertas a toda la comunidad, con el objetivo de fomentar la vida saludable y el encuentro entre las participantes. Entre las actividades desarrolladas destacan sesiones de zumba, boxy dance, jump y aqua zumba.<\/p>\n<p style=\"font-weight: 400\">Justamente, las asistentes se mostraron felices,\u00a0Mar\u00eda Isabel Caro, dijo:\u00a0<em>\u201cA m\u00ed me encanta esto, porque uno comparte con m\u00e1s mujeres, aprende cosas que no sabe, como por ejemplo ahora este taller de bordado. Tambi\u00e9n se aprenden temas como la ni\u00f1ez y los derechos de la mujer\u201d<\/em>.<\/p>\n<p style=\"font-weight: 400\">\u00a0\u201cMe parecen maravillosos estos talleres. Ahora voy a hacer una bolsa a crochet. Me gust\u00f3. Quiero aprender eso\u201d, exclam\u00f3 Margarita Ceballos, quien tambi\u00e9n asisti\u00f3 a la actividad.<\/p>\n<p style=\"font-weight: 400\">Estas actividades permitieron generar un espacio din\u00e1mico de recreaci\u00f3n, deporte y convivencia, reforzando la importancia del bienestar f\u00edsico y emocional como parte fundamental del desarrollo de las mujeres.<\/p>\n<p style=\"font-weight: 400\">Con este tipo de iniciativas, el municipio reafirma su compromiso con la promoci\u00f3n de espacios de participaci\u00f3n, apoyo y reconocimiento para las mujeres, fortaleciendo el trabajo colaborativo entre las distintas \u00e1reas municipales y la comunidad.<\/p>\n<p>&nbsp;<\/p>\n<p><img fetchpriority=\"high\" decoding=\"async\" class=\"alignnone size-medium wp-image-5776\" src=\"https:\/\/www.curico.cl\/home\/wp-content\/uploads\/2026\/03\/Dia-Mujer-4-400x300.jpeg\" alt=\"\" width=\"400\" height=\"300\" srcset=\"https:\/\/www.curico.cl\/home\/wp-content\/uploads\/2026\/03\/Dia-Mujer-4-400x300.jpeg 400w, https:\/\/www.curico.cl\/home\/wp-content\/uploads\/2026\/03\/Dia-Mujer-4-1024x768.jpeg 1024w, https:\/\/www.curico.cl\/home\/wp-content\/uploads\/2026\/03\/Dia-Mujer-4-768x576.jpeg 768w, https:\/\/www.curico.cl\/home\/wp-content\/uploads\/2026\/03\/Dia-Mujer-4-1536x1152.jpeg 1536w, https:\/\/www.curico.cl\/home\/wp-content\/uploads\/2026\/03\/Dia-Mujer-4.jpeg 1600w\" sizes=\"(max-width: 400px) 100vw, 400px\" \/><img decoding=\"async\" class=\"alignnone size-medium wp-image-5777\" src=\"https:\/\/www.curico.cl\/home\/wp-content\/uploads\/2026\/03\/Dia-Mujer-1-400x300.jpeg\" alt=\"\" width=\"400\" height=\"300\" srcset=\"https:\/\/www.curico.cl\/home\/wp-content\/uploads\/2026\/03\/Dia-Mujer-1-400x300.jpeg 400w, https:\/\/www.curico.cl\/home\/wp-content\/uploads\/2026\/03\/Dia-Mujer-1-1024x767.jpeg 1024w, https:\/\/www.curico.cl\/home\/wp-content\/uploads\/2026\/03\/Dia-Mujer-1-768x576.jpeg 768w, https:\/\/www.curico.cl\/home\/wp-content\/uploads\/2026\/03\/Dia-Mujer-1-1536x1151.jpeg 1536w, https:\/\/www.curico.cl\/home\/wp-content\/uploads\/2026\/03\/Dia-Mujer-1.jpeg 1600w\" sizes=\"(max-width: 400px) 100vw, 400px\" \/><\/p>\n","protected":false},"excerpt":{"rendered":"<p>En el marco de la conmemoraci\u00f3n del D\u00eda Internacional de la Mujer, el municipio de Curic\u00f3 desarroll\u00f3 una jornada especial orientada a promover espacios de bienestar, autocuidado, participaci\u00f3n y encuentro entre las mujeres de toda la comuna. La actividad fue organizada por la Oficina de la Mujer de la Municipalidad de Curic\u00f3, en conjunto con [&hellip;]<\/p>\n","protected":false},"author":4,"featured_media":5775,"comment_status":"closed","ping_status":"closed","sticky":false,"template":"","format":"standard","meta":{"footnotes":""},"categories":[45,9],"tags":[],"class_list":["post-5774","post","type-post","status-publish","format-standard","has-post-thumbnail","hentry","category-destacados","category-social"],"rttpg_featured_image_url":{"full":["https:\/\/www.curico.cl\/home\/wp-content\/uploads\/2026\/03\/Dia-Mujer-7.jpeg",1600,1200,false],"landscape":["https:\/\/www.curico.cl\/home\/wp-content\/uploads\/2026\/03\/Dia-Mujer-7.jpeg",1600,1200,false],"portraits":["https:\/\/www.curico.cl\/home\/wp-content\/uploads\/2026\/03\/Dia-Mujer-7.jpeg",1600,1200,false],"thumbnail":["https:\/\/www.curico.cl\/home\/wp-content\/uploads\/2026\/03\/Dia-Mujer-7-300x150.jpeg",300,150,true],"medium":["https:\/\/www.curico.cl\/home\/wp-content\/uploads\/2026\/03\/Dia-Mujer-7-400x300.jpeg",400,300,true],"large":["https:\/\/www.curico.cl\/home\/wp-content\/uploads\/2026\/03\/Dia-Mujer-7-1024x768.jpeg",1024,768,true],"1536x1536":["https:\/\/www.curico.cl\/home\/wp-content\/uploads\/2026\/03\/Dia-Mujer-7-1536x1152.jpeg",1536,1152,true],"2048x2048":["https:\/\/www.curico.cl\/home\/wp-content\/uploads\/2026\/03\/Dia-Mujer-7.jpeg",1600,1200,false]},"rttpg_author":{"display_name":"Karems Benitez","author_link":"https:\/\/www.curico.cl\/home\/author\/kbenitez\/"},"rttpg_comment":0,"rttpg_category":"<a href=\"https:\/\/www.curico.cl\/home\/category\/destacados\/\" rel=\"category tag\">Destacados<\/a> <a href=\"https:\/\/www.curico.cl\/home\/category\/social\/\" rel=\"category tag\">Social<\/a>","rttpg_excerpt":"En el marco de la conmemoraci\u00f3n del D\u00eda Internacional de la Mujer, el municipio de Curic\u00f3 desarroll\u00f3 una jornada especial orientada a promover espacios de bienestar, autocuidado, participaci\u00f3n y encuentro entre las mujeres de toda la comuna. La actividad fue organizada por la Oficina de la Mujer de la Municipalidad de Curic\u00f3, en conjunto con&hellip;","_links":{"self":[{"href":"https:\/\/www.curico.cl\/home\/wp-json\/wp\/v2\/posts\/5774","targetHints":{"allow":["GET"]}}],"collection":[{"href":"https:\/\/www.curico.cl\/home\/wp-json\/wp\/v2\/posts"}],"about":[{"href":"https:\/\/www.curico.cl\/home\/wp-json\/wp\/v2\/types\/post"}],"author":[{"embeddable":true,"href":"https:\/\/www.curico.cl\/home\/wp-json\/wp\/v2\/users\/4"}],"replies":[{"embeddable":true,"href":"https:\/\/www.curico.cl\/home\/wp-json\/wp\/v2\/comments?post=5774"}],"version-history":[{"count":1,"href":"https:\/\/www.curico.cl\/home\/wp-json\/wp\/v2\/posts\/5774\/revisions"}],"predecessor-version":[{"id":5778,"href":"https:\/\/www.curico.cl\/home\/wp-json\/wp\/v2\/posts\/5774\/revisions\/5778"}],"wp:featuredmedia":[{"embeddable":true,"href":"https:\/\/www.curico.cl\/home\/wp-json\/wp\/v2\/media\/5775"}],"wp:attachment":[{"href":"https:\/\/www.curico.cl\/home\/wp-json\/wp\/v2\/media?parent=5774"}],"wp:term":[{"taxonomy":"category","embeddable":true,"href":"https:\/\/www.curico.cl\/home\/wp-json\/wp\/v2\/categories?post=5774"},{"taxonomy":"post_tag","embeddable":true,"href":"https:\/\/www.curico.cl\/home\/wp-json\/wp\/v2\/tags?post=5774"}],"curies":[{"name":"wp","href":"https:\/\/api.w.org\/{rel}","templated":true}]}}