{"id":5617,"date":"2026-01-21T12:22:20","date_gmt":"2026-01-21T15:22:20","guid":{"rendered":"https:\/\/www.curico.cl\/home\/?p=5617"},"modified":"2026-01-21T12:22:20","modified_gmt":"2026-01-21T15:22:20","slug":"curico-unidos-por-nuble-y-bio-bio","status":"publish","type":"post","link":"https:\/\/www.curico.cl\/home\/curico-unidos-por-nuble-y-bio-bio\/","title":{"rendered":"Curic\u00f3: Unidos por \u00d1uble y B\u00edo \u2013 B\u00edo"},"content":{"rendered":"<p>Gran espect\u00e1culo solidario est\u00e1 preparando la Municipalidad de Curic\u00f3 para este jueves 22 desde las 18:00 hrs en la plaza de armas.<\/p>\n<p>&nbsp;<\/p>\n<p>La Municipalidad de Curic\u00f3 a trav\u00e9s de la Direcci\u00f3n de Desarrollo Comunitario (DIDECO) esta preparando un evento solidario para ir en ayuda de las personas que se vieron afectadas por los incendios en la octava regi\u00f3n.<\/p>\n<p>&nbsp;<\/p>\n<p>La actividad contempla espect\u00e1culo de artistas locales y la ciudad inflable, a la cual se tendr\u00e1 acceso con un aporte solidario (alimento para mascotas, \u00fatiles de aseo, alimentos no perecibles, agua, pa\u00f1ales, carretillas, picotas, chuzos, palas, mascarillas, guantes).<\/p>\n<p>&nbsp;<\/p>\n<p>El evento se desarrollar\u00e1 en la plaza de armas (kiosco c\u00edvico) desde las 18:00 a 23:00 hrs aproximadamente.<\/p>\n<p>&nbsp;<\/p>\n<p>En este sentido, el alcalde George Bordachar invit\u00f3 a la comunidad a participar del evento. \u201cInvito a todos los curicanos a participar de esta noble causa con el fin de poder ser un apoyo a tantas familias del sur del pa\u00eds que perdieron todo con estos incendios. Que esta ayuda les permita enfrentar de mejor manera esta terrible tragedia\u201d, coment\u00f3 la autoridad.<\/p>\n<p>&nbsp;<\/p>\n<p><strong>ARTISTAS <\/strong><\/p>\n<p>Dentro de la parrilla de artistas que han querido estar presentes est\u00e1n: La 24\/7, Pi\u00f1a Papa, Jaque Mate, Las Guerreras del K-Pop tributo, Dj Turr\u00f3n y muchos artistas m\u00e1s.<\/p>\n<p>&nbsp;<\/p>\n<p><strong>CORTE DE CALLE <\/strong><\/p>\n<p>Para el desarrollo seguro de esta actividad, se realizar\u00e1 corte de tr\u00e1nsito en la calle Carmen desde las 14:00 a 00:00 hrs de la jornada del jueves 22 de enero.<\/p>\n<p><img fetchpriority=\"high\" decoding=\"async\" class=\"alignnone size-medium wp-image-5619\" src=\"https:\/\/www.curico.cl\/home\/wp-content\/uploads\/2026\/01\/WhatsApp-Image-2026-01-21-at-11.20.16-AM-1-300x300.jpeg\" alt=\"\" width=\"300\" height=\"300\" srcset=\"https:\/\/www.curico.cl\/home\/wp-content\/uploads\/2026\/01\/WhatsApp-Image-2026-01-21-at-11.20.16-AM-1-300x300.jpeg 300w, https:\/\/www.curico.cl\/home\/wp-content\/uploads\/2026\/01\/WhatsApp-Image-2026-01-21-at-11.20.16-AM-1-1024x1024.jpeg 1024w, https:\/\/www.curico.cl\/home\/wp-content\/uploads\/2026\/01\/WhatsApp-Image-2026-01-21-at-11.20.16-AM-1-768x768.jpeg 768w, https:\/\/www.curico.cl\/home\/wp-content\/uploads\/2026\/01\/WhatsApp-Image-2026-01-21-at-11.20.16-AM-1.jpeg 1080w\" sizes=\"(max-width: 300px) 100vw, 300px\" \/><\/p>\n<p><img decoding=\"async\" class=\"alignnone size-medium wp-image-5620\" src=\"https:\/\/www.curico.cl\/home\/wp-content\/uploads\/2026\/01\/WhatsApp-Image-2026-01-21-at-11.20.17-AM-300x300.jpeg\" alt=\"\" width=\"300\" height=\"300\" srcset=\"https:\/\/www.curico.cl\/home\/wp-content\/uploads\/2026\/01\/WhatsApp-Image-2026-01-21-at-11.20.17-AM-300x300.jpeg 300w, https:\/\/www.curico.cl\/home\/wp-content\/uploads\/2026\/01\/WhatsApp-Image-2026-01-21-at-11.20.17-AM-1024x1024.jpeg 1024w, https:\/\/www.curico.cl\/home\/wp-content\/uploads\/2026\/01\/WhatsApp-Image-2026-01-21-at-11.20.17-AM-768x768.jpeg 768w, https:\/\/www.curico.cl\/home\/wp-content\/uploads\/2026\/01\/WhatsApp-Image-2026-01-21-at-11.20.17-AM.jpeg 1080w\" sizes=\"(max-width: 300px) 100vw, 300px\" \/><\/p>\n","protected":false},"excerpt":{"rendered":"<p>Gran espect\u00e1culo solidario est\u00e1 preparando la Municipalidad de Curic\u00f3 para este jueves 22 desde las 18:00 hrs en la plaza de armas. &nbsp; La Municipalidad de Curic\u00f3 a trav\u00e9s de la Direcci\u00f3n de Desarrollo Comunitario (DIDECO) esta preparando un evento solidario para ir en ayuda de las personas que se vieron afectadas por los incendios [&hellip;]<\/p>\n","protected":false},"author":4,"featured_media":5618,"comment_status":"closed","ping_status":"closed","sticky":false,"template":"","format":"standard","meta":{"footnotes":""},"categories":[45,10,7,9],"tags":[],"class_list":["post-5617","post","type-post","status-publish","format-standard","has-post-thumbnail","hentry","category-destacados","category-municipal","category-salud","category-social"],"rttpg_featured_image_url":{"full":["https:\/\/www.curico.cl\/home\/wp-content\/uploads\/2026\/01\/WhatsApp-Image-2026-01-21-at-11.20.16-AM.jpeg",1080,1080,false],"landscape":["https:\/\/www.curico.cl\/home\/wp-content\/uploads\/2026\/01\/WhatsApp-Image-2026-01-21-at-11.20.16-AM.jpeg",1080,1080,false],"portraits":["https:\/\/www.curico.cl\/home\/wp-content\/uploads\/2026\/01\/WhatsApp-Image-2026-01-21-at-11.20.16-AM.jpeg",1080,1080,false],"thumbnail":["https:\/\/www.curico.cl\/home\/wp-content\/uploads\/2026\/01\/WhatsApp-Image-2026-01-21-at-11.20.16-AM-300x150.jpeg",300,150,true],"medium":["https:\/\/www.curico.cl\/home\/wp-content\/uploads\/2026\/01\/WhatsApp-Image-2026-01-21-at-11.20.16-AM-300x300.jpeg",300,300,true],"large":["https:\/\/www.curico.cl\/home\/wp-content\/uploads\/2026\/01\/WhatsApp-Image-2026-01-21-at-11.20.16-AM-1024x1024.jpeg",1024,1024,true],"1536x1536":["https:\/\/www.curico.cl\/home\/wp-content\/uploads\/2026\/01\/WhatsApp-Image-2026-01-21-at-11.20.16-AM.jpeg",1080,1080,false],"2048x2048":["https:\/\/www.curico.cl\/home\/wp-content\/uploads\/2026\/01\/WhatsApp-Image-2026-01-21-at-11.20.16-AM.jpeg",1080,1080,false]},"rttpg_author":{"display_name":"Karems Benitez","author_link":"https:\/\/www.curico.cl\/home\/author\/kbenitez\/"},"rttpg_comment":0,"rttpg_category":"<a href=\"https:\/\/www.curico.cl\/home\/category\/destacados\/\" rel=\"category tag\">Destacados<\/a> <a href=\"https:\/\/www.curico.cl\/home\/category\/municipal\/\" rel=\"category tag\">Municipal<\/a> <a href=\"https:\/\/www.curico.cl\/home\/category\/salud\/\" rel=\"category tag\">Salud<\/a> <a href=\"https:\/\/www.curico.cl\/home\/category\/social\/\" rel=\"category tag\">Social<\/a>","rttpg_excerpt":"Gran espect\u00e1culo solidario est\u00e1 preparando la Municipalidad de Curic\u00f3 para este jueves 22 desde las 18:00 hrs en la plaza de armas. &nbsp; La Municipalidad de Curic\u00f3 a trav\u00e9s de la Direcci\u00f3n de Desarrollo Comunitario (DIDECO) esta preparando un evento solidario para ir en ayuda de las personas que se vieron afectadas por los incendios&hellip;","_links":{"self":[{"href":"https:\/\/www.curico.cl\/home\/wp-json\/wp\/v2\/posts\/5617","targetHints":{"allow":["GET"]}}],"collection":[{"href":"https:\/\/www.curico.cl\/home\/wp-json\/wp\/v2\/posts"}],"about":[{"href":"https:\/\/www.curico.cl\/home\/wp-json\/wp\/v2\/types\/post"}],"author":[{"embeddable":true,"href":"https:\/\/www.curico.cl\/home\/wp-json\/wp\/v2\/users\/4"}],"replies":[{"embeddable":true,"href":"https:\/\/www.curico.cl\/home\/wp-json\/wp\/v2\/comments?post=5617"}],"version-history":[{"count":1,"href":"https:\/\/www.curico.cl\/home\/wp-json\/wp\/v2\/posts\/5617\/revisions"}],"predecessor-version":[{"id":5621,"href":"https:\/\/www.curico.cl\/home\/wp-json\/wp\/v2\/posts\/5617\/revisions\/5621"}],"wp:featuredmedia":[{"embeddable":true,"href":"https:\/\/www.curico.cl\/home\/wp-json\/wp\/v2\/media\/5618"}],"wp:attachment":[{"href":"https:\/\/www.curico.cl\/home\/wp-json\/wp\/v2\/media?parent=5617"}],"wp:term":[{"taxonomy":"category","embeddable":true,"href":"https:\/\/www.curico.cl\/home\/wp-json\/wp\/v2\/categories?post=5617"},{"taxonomy":"post_tag","embeddable":true,"href":"https:\/\/www.curico.cl\/home\/wp-json\/wp\/v2\/tags?post=5617"}],"curies":[{"name":"wp","href":"https:\/\/api.w.org\/{rel}","templated":true}]}}