{"id":5089,"date":"2025-10-11T17:34:23","date_gmt":"2025-10-11T20:34:23","guid":{"rendered":"https:\/\/www.curico.cl\/home\/?p=5089"},"modified":"2025-10-11T17:34:23","modified_gmt":"2025-10-11T20:34:23","slug":"los-niches-conmemoro-el-282-aniversario-de-curico-con-un-masivo-y-emotivo-desfile-civico","status":"publish","type":"post","link":"https:\/\/www.curico.cl\/home\/los-niches-conmemoro-el-282-aniversario-de-curico-con-un-masivo-y-emotivo-desfile-civico\/","title":{"rendered":"Los Niches conmemor\u00f3 el 282\u00b0 aniversario de Curic\u00f3 con un masivo y emotivo desfile c\u00edvico"},"content":{"rendered":"<ul>\n<li><em>El alcalde George Bordachar destac\u00f3 la alta participaci\u00f3n ciudadana y el esp\u00edritu de unidad, mientras que la presidenta del Consejo, Claudia Cruzat, resalt\u00f3 la identidad propia y el compromiso de la comunidad.<\/em><\/li>\n<\/ul>\n<p>Los Niches celebr\u00f3 este s\u00e1bado el 282\u00b0 aniversario de la fundaci\u00f3n de Curic\u00f3 con un multitudinario y emotivo desfile c\u00edvico, organizado por el Consejo de Desarrollo Local del Cesfam de esta localidad. El evento, realizado en esta ocasi\u00f3n en la Ruta J-65, frente a la villa Prudencio Lozano, congreg\u00f3 a un gran n\u00famero de vecinos y organizaciones, destacando por su profundo sentido de tradici\u00f3n y participaci\u00f3n comunitaria.<\/p>\n<p>La jornada c\u00edvica fue encabezada por el alcalde de Curic\u00f3, George Bordachar Sotomayor, y cont\u00f3 con la participaci\u00f3n de parlamentarios, consejeros regionales, los concejales Constanza Pinto, Edgardo Reyes, Mar\u00eda Pilar Contardo y Raimundo Canquil, adem\u00e1s de la directiva del Consejo de Desarrollo Local, presidida por Claudia Cruzat.<\/p>\n<p><strong>Gran convocatoria<\/strong><\/p>\n<p>El desfile c\u00edvico se inici\u00f3 formalmente tras la autorizaci\u00f3n del alcalde Bordachar, a solicitud del Capit\u00e1n H\u00e9ctor Valenzuela del Cuerpo de Bomberos, Bomba Los Niches. Luego, las diversas instituciones, entre ellas Fundaci\u00f3n Las Rosas, funcionarios Cesfam, establecimientos educacionales, organizaciones comunitarias y clubes de huasos desfilaron mostrando su compromiso con la comuna. El Orfe\u00f3n Juvenil de Molina fue el encargado de encajonar y acompa\u00f1ar a las delegaciones.<\/p>\n<p>El alcalde George Bordachar destac\u00f3 la alta participaci\u00f3n ciudadana y el compromiso de la comunidad, enfatizando que estas actividades fortalecen la identidad local y reflejan el esp\u00edritu de unidad de los curicanos.<\/p>\n<audio class=\"wp-audio-shortcode\" id=\"audio-5089-1\" preload=\"none\" style=\"width: 100%;\" controls=\"controls\"><source type=\"audio\/mpeg\" src=\"https:\/\/www.curico.cl\/home\/wp-content\/uploads\/2025\/10\/Alcalde-George-Bordachar-3.mp3?_=1\" \/><a href=\"https:\/\/www.curico.cl\/home\/wp-content\/uploads\/2025\/10\/Alcalde-George-Bordachar-3.mp3\">https:\/\/www.curico.cl\/home\/wp-content\/uploads\/2025\/10\/Alcalde-George-Bordachar-3.mp3<\/a><\/audio>\n<p><strong>Identidad y proyecci\u00f3n comunitaria<\/strong><\/p>\n<p>La presidenta del Consejo de Desarrollo Local del Cesfam, Claudia Cruzat, destac\u00f3 el sentido de identidad y comunidad que caracteriza a los vecinos del sector. Adem\u00e1s, valor\u00f3 el permanente apoyo de las autoridades.<\/p>\n<audio class=\"wp-audio-shortcode\" id=\"audio-5089-2\" preload=\"none\" style=\"width: 100%;\" controls=\"controls\"><source type=\"audio\/mpeg\" src=\"https:\/\/www.curico.cl\/home\/wp-content\/uploads\/2025\/10\/Claudia-Cruzat.mp3?_=2\" \/><a href=\"https:\/\/www.curico.cl\/home\/wp-content\/uploads\/2025\/10\/Claudia-Cruzat.mp3\">https:\/\/www.curico.cl\/home\/wp-content\/uploads\/2025\/10\/Claudia-Cruzat.mp3<\/a><\/audio>\n<p><strong>Reconocimiento a la labor comunitaria<\/strong><\/p>\n<p>El Consejo de Desarrollo Local reconoci\u00f3 a vecinos que han contribuido activamente al sector y a la organizaci\u00f3n. Entre los homenajeados se encontraban Juan Vivallo Rifo, Berta Pareja Arias y Jos\u00e9 Miguel Lillo, actual subdirector cl\u00ednico de salud municipal, reconocido por su labor como encargado de Participaci\u00f3n en el Cesfam Los Niches.<\/p>\n<p>Finalmente, el alcalde George Bordachar y el Consejo de Desarrollo Local Los Niches, agradecieron a todos los participantes, instituciones y vecinos que dieron vida a este gran acto de celebraci\u00f3n c\u00edvica.<\/p>\n<p>&nbsp;<\/p>\n<p><img fetchpriority=\"high\" decoding=\"async\" class=\"alignnone size-medium wp-image-5092\" src=\"https:\/\/www.curico.cl\/home\/wp-content\/uploads\/2025\/10\/135c58f2-fe95-4f91-9571-776e93678f4b-1-400x300.jpeg\" alt=\"\" width=\"400\" height=\"300\" srcset=\"https:\/\/www.curico.cl\/home\/wp-content\/uploads\/2025\/10\/135c58f2-fe95-4f91-9571-776e93678f4b-1-400x300.jpeg 400w, https:\/\/www.curico.cl\/home\/wp-content\/uploads\/2025\/10\/135c58f2-fe95-4f91-9571-776e93678f4b-1-1024x768.jpeg 1024w, https:\/\/www.curico.cl\/home\/wp-content\/uploads\/2025\/10\/135c58f2-fe95-4f91-9571-776e93678f4b-1-768x576.jpeg 768w, https:\/\/www.curico.cl\/home\/wp-content\/uploads\/2025\/10\/135c58f2-fe95-4f91-9571-776e93678f4b-1-1536x1152.jpeg 1536w, https:\/\/www.curico.cl\/home\/wp-content\/uploads\/2025\/10\/135c58f2-fe95-4f91-9571-776e93678f4b-1.jpeg 1600w\" sizes=\"(max-width: 400px) 100vw, 400px\" \/> <img decoding=\"async\" class=\"alignnone size-medium wp-image-5094\" src=\"https:\/\/www.curico.cl\/home\/wp-content\/uploads\/2025\/10\/59fc3f4e-4490-41cc-bd6e-0e4b65927dfa-400x300.jpeg\" alt=\"\" width=\"400\" height=\"300\" srcset=\"https:\/\/www.curico.cl\/home\/wp-content\/uploads\/2025\/10\/59fc3f4e-4490-41cc-bd6e-0e4b65927dfa-400x300.jpeg 400w, https:\/\/www.curico.cl\/home\/wp-content\/uploads\/2025\/10\/59fc3f4e-4490-41cc-bd6e-0e4b65927dfa-1024x768.jpeg 1024w, https:\/\/www.curico.cl\/home\/wp-content\/uploads\/2025\/10\/59fc3f4e-4490-41cc-bd6e-0e4b65927dfa-768x576.jpeg 768w, https:\/\/www.curico.cl\/home\/wp-content\/uploads\/2025\/10\/59fc3f4e-4490-41cc-bd6e-0e4b65927dfa-1536x1152.jpeg 1536w, https:\/\/www.curico.cl\/home\/wp-content\/uploads\/2025\/10\/59fc3f4e-4490-41cc-bd6e-0e4b65927dfa.jpeg 1600w\" sizes=\"(max-width: 400px) 100vw, 400px\" \/> <img decoding=\"async\" class=\"alignnone size-medium wp-image-5095\" src=\"https:\/\/www.curico.cl\/home\/wp-content\/uploads\/2025\/10\/a452d64f-899f-4d4d-9e9b-160f4ce06fc7-400x300.jpeg\" alt=\"\" width=\"400\" height=\"300\" srcset=\"https:\/\/www.curico.cl\/home\/wp-content\/uploads\/2025\/10\/a452d64f-899f-4d4d-9e9b-160f4ce06fc7-400x300.jpeg 400w, https:\/\/www.curico.cl\/home\/wp-content\/uploads\/2025\/10\/a452d64f-899f-4d4d-9e9b-160f4ce06fc7-1024x768.jpeg 1024w, https:\/\/www.curico.cl\/home\/wp-content\/uploads\/2025\/10\/a452d64f-899f-4d4d-9e9b-160f4ce06fc7-768x576.jpeg 768w, https:\/\/www.curico.cl\/home\/wp-content\/uploads\/2025\/10\/a452d64f-899f-4d4d-9e9b-160f4ce06fc7-1536x1152.jpeg 1536w, https:\/\/www.curico.cl\/home\/wp-content\/uploads\/2025\/10\/a452d64f-899f-4d4d-9e9b-160f4ce06fc7.jpeg 1600w\" sizes=\"(max-width: 400px) 100vw, 400px\" \/> <img loading=\"lazy\" decoding=\"async\" class=\"alignnone size-medium wp-image-5096\" src=\"https:\/\/www.curico.cl\/home\/wp-content\/uploads\/2025\/10\/41474937-3792-4d7c-b6fe-e329ed9af292-400x300.jpeg\" alt=\"\" width=\"400\" height=\"300\" srcset=\"https:\/\/www.curico.cl\/home\/wp-content\/uploads\/2025\/10\/41474937-3792-4d7c-b6fe-e329ed9af292-400x300.jpeg 400w, https:\/\/www.curico.cl\/home\/wp-content\/uploads\/2025\/10\/41474937-3792-4d7c-b6fe-e329ed9af292-1024x768.jpeg 1024w, https:\/\/www.curico.cl\/home\/wp-content\/uploads\/2025\/10\/41474937-3792-4d7c-b6fe-e329ed9af292-768x576.jpeg 768w, https:\/\/www.curico.cl\/home\/wp-content\/uploads\/2025\/10\/41474937-3792-4d7c-b6fe-e329ed9af292-1536x1152.jpeg 1536w, https:\/\/www.curico.cl\/home\/wp-content\/uploads\/2025\/10\/41474937-3792-4d7c-b6fe-e329ed9af292.jpeg 1600w\" sizes=\"(max-width: 400px) 100vw, 400px\" \/> <img loading=\"lazy\" decoding=\"async\" class=\"alignnone size-medium wp-image-5097\" src=\"https:\/\/www.curico.cl\/home\/wp-content\/uploads\/2025\/10\/a5b6e796-5cb9-4708-8db8-585cf651ade7-400x300.jpeg\" alt=\"\" width=\"400\" height=\"300\" srcset=\"https:\/\/www.curico.cl\/home\/wp-content\/uploads\/2025\/10\/a5b6e796-5cb9-4708-8db8-585cf651ade7-400x300.jpeg 400w, https:\/\/www.curico.cl\/home\/wp-content\/uploads\/2025\/10\/a5b6e796-5cb9-4708-8db8-585cf651ade7-1024x768.jpeg 1024w, https:\/\/www.curico.cl\/home\/wp-content\/uploads\/2025\/10\/a5b6e796-5cb9-4708-8db8-585cf651ade7-768x576.jpeg 768w, https:\/\/www.curico.cl\/home\/wp-content\/uploads\/2025\/10\/a5b6e796-5cb9-4708-8db8-585cf651ade7-1536x1152.jpeg 1536w, https:\/\/www.curico.cl\/home\/wp-content\/uploads\/2025\/10\/a5b6e796-5cb9-4708-8db8-585cf651ade7.jpeg 1600w\" sizes=\"(max-width: 400px) 100vw, 400px\" \/><\/p>\n","protected":false},"excerpt":{"rendered":"<p>El alcalde George Bordachar destac\u00f3 la alta participaci\u00f3n ciudadana y el esp\u00edritu de unidad, mientras que la presidenta del Consejo, Claudia Cruzat, resalt\u00f3 la identidad propia y el compromiso de la comunidad. Los Niches celebr\u00f3 este s\u00e1bado el 282\u00b0 aniversario de la fundaci\u00f3n de Curic\u00f3 con un multitudinario y emotivo desfile c\u00edvico, organizado por el [&hellip;]<\/p>\n","protected":false},"author":5,"featured_media":5095,"comment_status":"closed","ping_status":"closed","sticky":false,"template":"","format":"standard","meta":{"footnotes":""},"categories":[45,10,9],"tags":[],"class_list":["post-5089","post","type-post","status-publish","format-standard","has-post-thumbnail","hentry","category-destacados","category-municipal","category-social"],"rttpg_featured_image_url":{"full":["https:\/\/www.curico.cl\/home\/wp-content\/uploads\/2025\/10\/a452d64f-899f-4d4d-9e9b-160f4ce06fc7.jpeg",1600,1200,false],"landscape":["https:\/\/www.curico.cl\/home\/wp-content\/uploads\/2025\/10\/a452d64f-899f-4d4d-9e9b-160f4ce06fc7.jpeg",1600,1200,false],"portraits":["https:\/\/www.curico.cl\/home\/wp-content\/uploads\/2025\/10\/a452d64f-899f-4d4d-9e9b-160f4ce06fc7.jpeg",1600,1200,false],"thumbnail":["https:\/\/www.curico.cl\/home\/wp-content\/uploads\/2025\/10\/a452d64f-899f-4d4d-9e9b-160f4ce06fc7-300x150.jpeg",300,150,true],"medium":["https:\/\/www.curico.cl\/home\/wp-content\/uploads\/2025\/10\/a452d64f-899f-4d4d-9e9b-160f4ce06fc7-400x300.jpeg",400,300,true],"large":["https:\/\/www.curico.cl\/home\/wp-content\/uploads\/2025\/10\/a452d64f-899f-4d4d-9e9b-160f4ce06fc7-1024x768.jpeg",1024,768,true],"1536x1536":["https:\/\/www.curico.cl\/home\/wp-content\/uploads\/2025\/10\/a452d64f-899f-4d4d-9e9b-160f4ce06fc7-1536x1152.jpeg",1536,1152,true],"2048x2048":["https:\/\/www.curico.cl\/home\/wp-content\/uploads\/2025\/10\/a452d64f-899f-4d4d-9e9b-160f4ce06fc7.jpeg",1600,1200,false]},"rttpg_author":{"display_name":"Gabriel Otero","author_link":"https:\/\/www.curico.cl\/home\/author\/gotero\/"},"rttpg_comment":0,"rttpg_category":"<a href=\"https:\/\/www.curico.cl\/home\/category\/destacados\/\" rel=\"category tag\">Destacados<\/a> <a href=\"https:\/\/www.curico.cl\/home\/category\/municipal\/\" rel=\"category tag\">Municipal<\/a> <a href=\"https:\/\/www.curico.cl\/home\/category\/social\/\" rel=\"category tag\">Social<\/a>","rttpg_excerpt":"El alcalde George Bordachar destac\u00f3 la alta participaci\u00f3n ciudadana y el esp\u00edritu de unidad, mientras que la presidenta del Consejo, Claudia Cruzat, resalt\u00f3 la identidad propia y el compromiso de la comunidad. Los Niches celebr\u00f3 este s\u00e1bado el 282\u00b0 aniversario de la fundaci\u00f3n de Curic\u00f3 con un multitudinario y emotivo desfile c\u00edvico, organizado por el&hellip;","_links":{"self":[{"href":"https:\/\/www.curico.cl\/home\/wp-json\/wp\/v2\/posts\/5089","targetHints":{"allow":["GET"]}}],"collection":[{"href":"https:\/\/www.curico.cl\/home\/wp-json\/wp\/v2\/posts"}],"about":[{"href":"https:\/\/www.curico.cl\/home\/wp-json\/wp\/v2\/types\/post"}],"author":[{"embeddable":true,"href":"https:\/\/www.curico.cl\/home\/wp-json\/wp\/v2\/users\/5"}],"replies":[{"embeddable":true,"href":"https:\/\/www.curico.cl\/home\/wp-json\/wp\/v2\/comments?post=5089"}],"version-history":[{"count":1,"href":"https:\/\/www.curico.cl\/home\/wp-json\/wp\/v2\/posts\/5089\/revisions"}],"predecessor-version":[{"id":5098,"href":"https:\/\/www.curico.cl\/home\/wp-json\/wp\/v2\/posts\/5089\/revisions\/5098"}],"wp:featuredmedia":[{"embeddable":true,"href":"https:\/\/www.curico.cl\/home\/wp-json\/wp\/v2\/media\/5095"}],"wp:attachment":[{"href":"https:\/\/www.curico.cl\/home\/wp-json\/wp\/v2\/media?parent=5089"}],"wp:term":[{"taxonomy":"category","embeddable":true,"href":"https:\/\/www.curico.cl\/home\/wp-json\/wp\/v2\/categories?post=5089"},{"taxonomy":"post_tag","embeddable":true,"href":"https:\/\/www.curico.cl\/home\/wp-json\/wp\/v2\/tags?post=5089"}],"curies":[{"name":"wp","href":"https:\/\/api.w.org\/{rel}","templated":true}]}}