{"id":5000,"date":"2025-10-06T00:16:47","date_gmt":"2025-10-06T03:16:47","guid":{"rendered":"https:\/\/www.curico.cl\/home\/?p=5000"},"modified":"2025-12-01T15:49:25","modified_gmt":"2025-12-01T18:49:25","slug":"concursos-publicos","status":"publish","type":"post","link":"https:\/\/www.curico.cl\/home\/concursos-publicos\/","title":{"rendered":"Concursos P\u00fablicos"},"content":{"rendered":"\t\t<div data-elementor-type=\"wp-post\" data-elementor-id=\"5000\" class=\"elementor elementor-5000\" data-elementor-post-type=\"post\">\n\t\t\t\t<div class=\"elementor-element elementor-element-7993b04c e-flex e-con-boxed e-con e-parent\" data-id=\"7993b04c\" data-element_type=\"container\" data-e-type=\"container\">\n\t\t\t\t\t<div class=\"e-con-inner\">\n\t\t\t\t<div class=\"elementor-element elementor-element-3ecd500 elementor-widget elementor-widget-eael-creative-button\" data-id=\"3ecd500\" data-element_type=\"widget\" data-e-type=\"widget\" data-widget_type=\"eael-creative-button.default\">\n\t\t\t\t<div class=\"elementor-widget-container\">\n\t\t\t\t\t        <div class=\"eael-creative-button-wrapper\">\n\n            <a class=\"eael-creative-button eael-creative-button--default eael-cb-icon-position-left\" href=\"https:\/\/www.curico.cl\/home\/wp-content\/uploads\/2025\/12\/NOMINA-SELECCIONADOS.pdf\" data-text=\"\">\n            \t    \n                <div class=\"creative-button-inner\">\n\n                                            <span class=\"eael-creative-button-icon-left\"><svg aria-hidden=\"true\" class=\"e-font-icon-svg e-fas-user-check\" viewBox=\"0 0 640 512\" xmlns=\"http:\/\/www.w3.org\/2000\/svg\"><path d=\"M224 256c70.7 0 128-57.3 128-128S294.7 0 224 0 96 57.3 96 128s57.3 128 128 128zm89.6 32h-16.7c-22.2 10.2-46.9 16-72.9 16s-50.6-5.8-72.9-16h-16.7C60.2 288 0 348.2 0 422.4V464c0 26.5 21.5 48 48 48h352c26.5 0 48-21.5 48-48v-41.6c0-74.2-60.2-134.4-134.4-134.4zm323-128.4l-27.8-28.1c-4.6-4.7-12.1-4.7-16.8-.1l-104.8 104-45.5-45.8c-4.6-4.7-12.1-4.7-16.8-.1l-28.1 27.9c-4.7 4.6-4.7 12.1-.1 16.8l81.7 82.3c4.6 4.7 12.1 4.7 16.8.1l141.3-140.2c4.6-4.7 4.7-12.2.1-16.8z\"><\/path><\/svg><\/span>                    \n                    <span class=\"cretive-button-text\">NOMINA SELECCIONADOS<\/span>\n\n                                    <\/div>\n\t                        <\/a>\n        <\/div>\n        \t\t\t\t<\/div>\n\t\t\t\t<\/div>\n\t\t\t\t<div class=\"elementor-element elementor-element-42aeb270 elementor-widget elementor-widget-text-editor\" data-id=\"42aeb270\" data-element_type=\"widget\" data-e-type=\"widget\" data-widget_type=\"text-editor.default\">\n\t\t\t\t<div class=\"elementor-widget-container\">\n\t\t\t\t\t\t\t\t\t<h1 style=\"text-align: center;\">\u00a0<\/h1><h3>\u00a0<\/h3><h3 class=\"elementor-heading-title elementor-size-default\">Se comunica a la comunidad que la Municipalidad de Curic\u00f3 ha abierto un llamado a concurso p\u00fablico para la provisi\u00f3n de los siguientes cargos:<\/h3><p>\u00a0<\/p><p>\u00a0<\/p><table style=\"height: 442px; width: 866px; border: 2px solid green; border-collapse: collapse;\"><tbody><tr><td style=\"border: 1px solid green;\" width=\"207\"><strong>ESCALAF\u00d3N<\/strong><\/td><td style=\"border: 1px solid green;\" width=\"159\"><strong>GRADO<\/strong><\/td><td style=\"border: 1px solid green;\" width=\"148\"><strong>N\u00ba DE CARGOS<\/strong><\/td><td style=\"border: 1px solid green;\" width=\"197\"><strong>BASES<\/strong><\/td><\/tr><tr><td style=\"border: 1px solid green;\"><strong>PROFESIONALES<\/strong><\/td><td style=\"border: 1px solid green;\">12 E.M.<\/td><td style=\"border: 1px solid green;\">1<\/td><td style=\"border: 1px solid green;\"><strong>DESCARGAR<\/strong><\/td><\/tr><tr><td style=\"border: 1px solid green;\"><strong>JEFATURAS<\/strong><\/td><td style=\"border: 1px solid green;\">12 E.M.<\/td><td style=\"border: 1px solid green;\">1<\/td><td style=\"border: 1px solid green;\"><strong>DESCARGAR<\/strong><\/td><\/tr><tr><td style=\"border: 1px solid green;\"><strong>T\u00c9CNICOS<\/strong><\/td><td style=\"border: 1px solid green;\">15 E.M.<\/td><td style=\"border: 1px solid green;\">5<\/td><td style=\"border: 1px solid green;\"><strong>DESCARGAR 1<\/strong><br \/><strong>DESCARGAR 2<\/strong><br \/><strong>DESCARGAR 3<\/strong><\/td><\/tr><tr><td style=\"border: 1px solid green;\"><strong>T\u00c9CNICOS<\/strong><\/td><td style=\"border: 1px solid green;\">16 E.M.<\/td><td style=\"border: 1px solid green;\">2<\/td><td style=\"border: 1px solid green;\"><strong>DESCARGAR 1<\/strong><br \/><strong>DESCARGAR 2<\/strong><\/td><\/tr><tr><td style=\"border: 1px solid green;\"><strong>T\u00c9CNICOS<\/strong><\/td><td style=\"border: 1px solid green;\">15 E.M &#8211; 17 E.M.<\/td><td style=\"border: 1px solid green;\">1 \u00ba15, 2 \u00ba17<\/td><td style=\"border: 1px solid green;\"><strong>DESCARGAR<\/strong><\/td><\/tr><tr><td style=\"border: 1px solid green;\"><strong>ADMINISTRATIVOS<\/strong><\/td><td style=\"border: 1px solid green;\">18 E.M.<\/td><td style=\"border: 1px solid green;\">9<\/td><td style=\"border: 1px solid green;\"><strong>DESCARGAR<\/strong><\/td><\/tr><tr><td style=\"border: 1px solid green;\"><strong>AUXILIARES<\/strong><\/td><td style=\"border: 1px solid green;\">19 E.M.<\/td><td style=\"border: 1px solid green;\">5<\/td><td style=\"border: 1px solid green;\"><strong>DESCARGAR<\/strong><\/td><\/tr><\/tbody><\/table><p><strong>ANEXOS CONCURSOS<\/strong><\/p><ul><li><strong>DESCARGAR<\/strong> <strong>DECLARACI\u00d3N JURADA SIMPLE 18.575<\/strong><\/li><li><strong>DESCARGAR<\/strong> <strong>DECLARACI\u00d3N JURADA SIMPLE 18.883<\/strong><\/li><li><strong>DESCARGAR<\/strong><strong> FICHA DE DISCAPACIDAD<\/strong><\/li><li><strong>DESCARGAR<\/strong> <strong>CURRICULUM VITAE FORMATO<\/strong><\/li><li><strong>DESCARGAR<\/strong><strong> CARTA DE POSTULACI\u00d3N<\/strong><\/li><\/ul>\t\t\t\t\t\t\t\t<\/div>\n\t\t\t\t<\/div>\n\t\t\t\t\t<\/div>\n\t\t\t\t<\/div>\n\t\t\t\t<\/div>\n\t\t","protected":false},"excerpt":{"rendered":"<p>NOMINA SELECCIONADOS \u00a0 \u00a0 Se comunica a la comunidad que la Municipalidad de Curic\u00f3 ha abierto un llamado a concurso p\u00fablico para la provisi\u00f3n de los siguientes cargos: \u00a0 \u00a0 ESCALAF\u00d3N GRADO N\u00ba DE CARGOS BASES PROFESIONALES 12 E.M. 1 DESCARGAR JEFATURAS 12 E.M. 1 DESCARGAR T\u00c9CNICOS 15 E.M. 5 DESCARGAR 1DESCARGAR 2DESCARGAR 3 T\u00c9CNICOS [&hellip;]<\/p>\n","protected":false},"author":1,"featured_media":0,"comment_status":"closed","ping_status":"closed","sticky":false,"template":"","format":"standard","meta":{"footnotes":""},"categories":[130],"tags":[],"class_list":["post-5000","post","type-post","status-publish","format-standard","hentry","category-concursos"],"rttpg_featured_image_url":null,"rttpg_author":{"display_name":"municco","author_link":"https:\/\/www.curico.cl\/home\/author\/municco\/"},"rttpg_comment":0,"rttpg_category":"<a href=\"https:\/\/www.curico.cl\/home\/category\/concursos\/\" rel=\"category tag\">Concursos<\/a>","rttpg_excerpt":"NOMINA SELECCIONADOS \u00a0 \u00a0 Se comunica a la comunidad que la Municipalidad de Curic\u00f3 ha abierto un llamado a concurso p\u00fablico para la provisi\u00f3n de los siguientes cargos: \u00a0 \u00a0 ESCALAF\u00d3N GRADO N\u00ba DE CARGOS BASES PROFESIONALES 12 E.M. 1 DESCARGAR JEFATURAS 12 E.M. 1 DESCARGAR T\u00c9CNICOS 15 E.M. 5 DESCARGAR 1DESCARGAR 2DESCARGAR 3 T\u00c9CNICOS&hellip;","_links":{"self":[{"href":"https:\/\/www.curico.cl\/home\/wp-json\/wp\/v2\/posts\/5000","targetHints":{"allow":["GET"]}}],"collection":[{"href":"https:\/\/www.curico.cl\/home\/wp-json\/wp\/v2\/posts"}],"about":[{"href":"https:\/\/www.curico.cl\/home\/wp-json\/wp\/v2\/types\/post"}],"author":[{"embeddable":true,"href":"https:\/\/www.curico.cl\/home\/wp-json\/wp\/v2\/users\/1"}],"replies":[{"embeddable":true,"href":"https:\/\/www.curico.cl\/home\/wp-json\/wp\/v2\/comments?post=5000"}],"version-history":[{"count":20,"href":"https:\/\/www.curico.cl\/home\/wp-json\/wp\/v2\/posts\/5000\/revisions"}],"predecessor-version":[{"id":5411,"href":"https:\/\/www.curico.cl\/home\/wp-json\/wp\/v2\/posts\/5000\/revisions\/5411"}],"wp:attachment":[{"href":"https:\/\/www.curico.cl\/home\/wp-json\/wp\/v2\/media?parent=5000"}],"wp:term":[{"taxonomy":"category","embeddable":true,"href":"https:\/\/www.curico.cl\/home\/wp-json\/wp\/v2\/categories?post=5000"},{"taxonomy":"post_tag","embeddable":true,"href":"https:\/\/www.curico.cl\/home\/wp-json\/wp\/v2\/tags?post=5000"}],"curies":[{"name":"wp","href":"https:\/\/api.w.org\/{rel}","templated":true}]}}