{"id":4945,"date":"2025-10-02T13:43:17","date_gmt":"2025-10-02T16:43:17","guid":{"rendered":"https:\/\/www.curico.cl\/home\/?p=4945"},"modified":"2025-10-02T13:43:17","modified_gmt":"2025-10-02T16:43:17","slug":"municipio-de-curico-presenta-moderna-camara-retinal-para-fortalece-la-deteccion-temprana-de-enfermedades-visuales","status":"publish","type":"post","link":"https:\/\/www.curico.cl\/home\/municipio-de-curico-presenta-moderna-camara-retinal-para-fortalece-la-deteccion-temprana-de-enfermedades-visuales\/","title":{"rendered":"Municipio de Curic\u00f3 presenta moderna c\u00e1mara retinal para fortalece la detecci\u00f3n temprana de enfermedades visuales"},"content":{"rendered":"<ul>\n<li><em>Este equipo de alta tecnolog\u00eda permitir\u00e1 diagn\u00f3sticos m\u00e1s r\u00e1pidos y precisos de patolog\u00edas como la retinopat\u00eda diab\u00e9tica, el glaucoma y las cataratas, acortando las listas de espera.<\/em><\/li>\n<\/ul>\n<p>La Municipalidad de Curic\u00f3, a trav\u00e9s de la Direcci\u00f3n Comunal de Salud, puso en funcionamiento una nueva C\u00e1mara Retinal No Midri\u00e1tica de \u00faltima generaci\u00f3n en la Unidad de Atenci\u00f3n Primaria Oftalmol\u00f3gica (UAPO) del Centro de Resolutividad ubicado en dependencias del ex Cesfam Sol de Septiembre, con el objetivo de mejorar la pesquisa y el diagn\u00f3stico oportuno de patolog\u00edas visuales como la retinopat\u00eda diab\u00e9tica, el glaucoma, las cataratas y la degeneraci\u00f3n macular asociada a la edad.<\/p>\n<p><strong>Diagn\u00f3sticos m\u00e1s r\u00e1pidos y precisos<\/strong><\/p>\n<p>La nueva c\u00e1mara retinal permitir\u00e1 optimizar los tiempos cl\u00ednicos, integrarse a la plataforma DART garantizando diagn\u00f3sticos estandarizados y oportunos, como tambi\u00e9n, ampliar la pesquisa a m\u00faltiples patolog\u00edas visuales, fortaleciendo la prevenci\u00f3n en salud visual.<\/p>\n<p>La presentaci\u00f3n de esta moderna tecnolog\u00eda cont\u00f3 con la participaci\u00f3n de directores de los Centros de Salud Familiar, representantes de los Consejos de Desarrollo Locales, tambi\u00e9n del administrador Municipal Marcelo Fern\u00e1ndez, el director comunal de Salud, Nelson Guti\u00e9rrez, el subdirector cl\u00ednico salud municipal Jos\u00e9 Miguel Lillo, entre otros.<\/p>\n<p><strong>Compromiso con la calidad de vida<\/strong><\/p>\n<p>El alcalde de Curic\u00f3, George Bordachar, destac\u00f3 la importancia de esta implementaci\u00f3n, ya que actualmente, la UAPO de Curic\u00f3 atiende en promedio 550 fondos de ojo mensuales y recibe m\u00e1s de 90 nuevos pacientes diab\u00e9ticos cada mes, lo que aumenta la demanda por controles preventivos.<\/p>\n<audio class=\"wp-audio-shortcode\" id=\"audio-4945-1\" preload=\"none\" style=\"width: 100%;\" controls=\"controls\"><source type=\"audio\/mpeg\" src=\"https:\/\/www.curico.cl\/home\/wp-content\/uploads\/2025\/10\/Alcalde-George-Bordachar.mp3?_=1\" \/><a href=\"https:\/\/www.curico.cl\/home\/wp-content\/uploads\/2025\/10\/Alcalde-George-Bordachar.mp3\">https:\/\/www.curico.cl\/home\/wp-content\/uploads\/2025\/10\/Alcalde-George-Bordachar.mp3<\/a><\/audio>\n<p>&nbsp;<\/p>\n<p><strong>Importante avance tecnol\u00f3gico<\/strong><\/p>\n<p>En la presentaci\u00f3n de la nueva c\u00e1mara retinal, la tecn\u00f3loga m\u00e9dica Sof\u00eda Bravo explic\u00f3 la relevancia de esta moderna c\u00e1mara para la detecci\u00f3n y seguimiento de enfermedades oculares, especialmente en pacientes diab\u00e9ticos, destacando los beneficios de contar con una tecnolog\u00eda m\u00e1s r\u00e1pida, precisa y c\u00f3moda para los usuarios.<\/p>\n<audio class=\"wp-audio-shortcode\" id=\"audio-4945-2\" preload=\"none\" style=\"width: 100%;\" controls=\"controls\"><source type=\"audio\/mpeg\" src=\"https:\/\/www.curico.cl\/home\/wp-content\/uploads\/2025\/10\/Sofia-Bravo.mp3?_=2\" \/><a href=\"https:\/\/www.curico.cl\/home\/wp-content\/uploads\/2025\/10\/Sofia-Bravo.mp3\">https:\/\/www.curico.cl\/home\/wp-content\/uploads\/2025\/10\/Sofia-Bravo.mp3<\/a><\/audio>\n<p>&nbsp;<\/p>\n<p>La adquisici\u00f3n de este equipamiento no solo beneficia a los pacientes diab\u00e9ticos, sino tambi\u00e9n a toda la comunidad, especialmente en zonas rurales donde se realizar\u00e1n operativos comunitarios y en terreno.<\/p>\n<audio class=\"wp-audio-shortcode\" id=\"audio-4945-3\" preload=\"none\" style=\"width: 100%;\" controls=\"controls\"><source type=\"audio\/mpeg\" src=\"https:\/\/www.curico.cl\/home\/wp-content\/uploads\/2025\/10\/Leonor-Lizama.mp3?_=3\" \/><a href=\"https:\/\/www.curico.cl\/home\/wp-content\/uploads\/2025\/10\/Leonor-Lizama.mp3\">https:\/\/www.curico.cl\/home\/wp-content\/uploads\/2025\/10\/Leonor-Lizama.mp3<\/a><\/audio>\n<p>&nbsp;<\/p>\n<p><strong>Reducci\u00f3n de tiempos de espera<\/strong><\/p>\n<p>El subdirector cl\u00ednico salud municipal Jos\u00e9 Miguel Lillo destac\u00f3 la relevancia de esta incorporaci\u00f3n, subrayando que permitir\u00e1 mejorar la capacidad de resoluci\u00f3n en oftalmolog\u00eda primaria, evitando que muchos pacientes deban esperar atenciones en el hospital o de forma particular.<\/p>\n<audio class=\"wp-audio-shortcode\" id=\"audio-4945-4\" preload=\"none\" style=\"width: 100%;\" controls=\"controls\"><source type=\"audio\/mpeg\" src=\"https:\/\/www.curico.cl\/home\/wp-content\/uploads\/2025\/10\/Jose-Miguel-Lillo.mp3?_=4\" \/><a href=\"https:\/\/www.curico.cl\/home\/wp-content\/uploads\/2025\/10\/Jose-Miguel-Lillo.mp3\">https:\/\/www.curico.cl\/home\/wp-content\/uploads\/2025\/10\/Jose-Miguel-Lillo.mp3<\/a><\/audio>\n<p><strong>Recursos municipales de salud<\/strong><\/p>\n<p>Con esta nueva herramienta, Curic\u00f3 se alinea con los m\u00e1s altos est\u00e1ndares de salud digital y oftalmolog\u00eda preventiva, aportando a la reducci\u00f3n de listas de espera, la ampliaci\u00f3n de cobertura hacia sectores rurales y grupos de mayor riesgo.<\/p>\n<p>El equipo fue adquirido mediante licitaci\u00f3n p\u00fablica, la cual fue adjudicada por la empresa Alta Tecnolog\u00eda M\u00e9dica SpA, por un monto de $27.138.223 con cargo al presupuesto municipal de salud.<\/p>\n<p>&nbsp;<\/p>\n<p>&nbsp;<\/p>\n<p><img fetchpriority=\"high\" decoding=\"async\" class=\"alignnone size-medium wp-image-4950\" src=\"https:\/\/www.curico.cl\/home\/wp-content\/uploads\/2025\/10\/WhatsApp-Image-2025-10-02-at-12.20.07-450x300.jpeg\" alt=\"\" width=\"450\" height=\"300\" srcset=\"https:\/\/www.curico.cl\/home\/wp-content\/uploads\/2025\/10\/WhatsApp-Image-2025-10-02-at-12.20.07-450x300.jpeg 450w, https:\/\/www.curico.cl\/home\/wp-content\/uploads\/2025\/10\/WhatsApp-Image-2025-10-02-at-12.20.07-1024x682.jpeg 1024w, https:\/\/www.curico.cl\/home\/wp-content\/uploads\/2025\/10\/WhatsApp-Image-2025-10-02-at-12.20.07-768x512.jpeg 768w, https:\/\/www.curico.cl\/home\/wp-content\/uploads\/2025\/10\/WhatsApp-Image-2025-10-02-at-12.20.07.jpeg 1280w\" sizes=\"(max-width: 450px) 100vw, 450px\" \/> <img decoding=\"async\" class=\"alignnone size-medium wp-image-4951\" src=\"https:\/\/www.curico.cl\/home\/wp-content\/uploads\/2025\/10\/WhatsApp-Image-2025-10-02-at-12.20.09-450x300.jpeg\" alt=\"\" width=\"450\" height=\"300\" srcset=\"https:\/\/www.curico.cl\/home\/wp-content\/uploads\/2025\/10\/WhatsApp-Image-2025-10-02-at-12.20.09-450x300.jpeg 450w, https:\/\/www.curico.cl\/home\/wp-content\/uploads\/2025\/10\/WhatsApp-Image-2025-10-02-at-12.20.09-1024x682.jpeg 1024w, https:\/\/www.curico.cl\/home\/wp-content\/uploads\/2025\/10\/WhatsApp-Image-2025-10-02-at-12.20.09-768x512.jpeg 768w, https:\/\/www.curico.cl\/home\/wp-content\/uploads\/2025\/10\/WhatsApp-Image-2025-10-02-at-12.20.09.jpeg 1280w\" sizes=\"(max-width: 450px) 100vw, 450px\" \/> <img decoding=\"async\" class=\"alignnone size-medium wp-image-4952\" src=\"https:\/\/www.curico.cl\/home\/wp-content\/uploads\/2025\/10\/WhatsApp-Image-2025-10-02-at-12.20.55-400x300.jpeg\" alt=\"\" width=\"400\" height=\"300\" srcset=\"https:\/\/www.curico.cl\/home\/wp-content\/uploads\/2025\/10\/WhatsApp-Image-2025-10-02-at-12.20.55-400x300.jpeg 400w, https:\/\/www.curico.cl\/home\/wp-content\/uploads\/2025\/10\/WhatsApp-Image-2025-10-02-at-12.20.55-1024x768.jpeg 1024w, https:\/\/www.curico.cl\/home\/wp-content\/uploads\/2025\/10\/WhatsApp-Image-2025-10-02-at-12.20.55-768x576.jpeg 768w, https:\/\/www.curico.cl\/home\/wp-content\/uploads\/2025\/10\/WhatsApp-Image-2025-10-02-at-12.20.55-1536x1152.jpeg 1536w, https:\/\/www.curico.cl\/home\/wp-content\/uploads\/2025\/10\/WhatsApp-Image-2025-10-02-at-12.20.55-2048x1536.jpeg 2048w\" sizes=\"(max-width: 400px) 100vw, 400px\" \/> <img loading=\"lazy\" decoding=\"async\" class=\"alignnone size-medium wp-image-4953\" src=\"https:\/\/www.curico.cl\/home\/wp-content\/uploads\/2025\/10\/WhatsApp-Image-2025-10-02-at-12.22.43-436x300.jpeg\" alt=\"\" width=\"436\" height=\"300\" srcset=\"https:\/\/www.curico.cl\/home\/wp-content\/uploads\/2025\/10\/WhatsApp-Image-2025-10-02-at-12.22.43-436x300.jpeg 436w, https:\/\/www.curico.cl\/home\/wp-content\/uploads\/2025\/10\/WhatsApp-Image-2025-10-02-at-12.22.43-1024x705.jpeg 1024w, https:\/\/www.curico.cl\/home\/wp-content\/uploads\/2025\/10\/WhatsApp-Image-2025-10-02-at-12.22.43-768x529.jpeg 768w, https:\/\/www.curico.cl\/home\/wp-content\/uploads\/2025\/10\/WhatsApp-Image-2025-10-02-at-12.22.43-1536x1057.jpeg 1536w, https:\/\/www.curico.cl\/home\/wp-content\/uploads\/2025\/10\/WhatsApp-Image-2025-10-02-at-12.22.43-2048x1410.jpeg 2048w\" sizes=\"(max-width: 436px) 100vw, 436px\" \/><\/p>\n","protected":false},"excerpt":{"rendered":"<p>Este equipo de alta tecnolog\u00eda permitir\u00e1 diagn\u00f3sticos m\u00e1s r\u00e1pidos y precisos de patolog\u00edas como la retinopat\u00eda diab\u00e9tica, el glaucoma y las cataratas, acortando las listas de espera. La Municipalidad de Curic\u00f3, a trav\u00e9s de la Direcci\u00f3n Comunal de Salud, puso en funcionamiento una nueva C\u00e1mara Retinal No Midri\u00e1tica de \u00faltima generaci\u00f3n en la Unidad de [&hellip;]<\/p>\n","protected":false},"author":5,"featured_media":4952,"comment_status":"closed","ping_status":"closed","sticky":false,"template":"","format":"standard","meta":{"footnotes":""},"categories":[45,7],"tags":[],"class_list":["post-4945","post","type-post","status-publish","format-standard","has-post-thumbnail","hentry","category-destacados","category-salud"],"rttpg_featured_image_url":{"full":["https:\/\/www.curico.cl\/home\/wp-content\/uploads\/2025\/10\/WhatsApp-Image-2025-10-02-at-12.20.55-scaled.jpeg",2560,1920,false],"landscape":["https:\/\/www.curico.cl\/home\/wp-content\/uploads\/2025\/10\/WhatsApp-Image-2025-10-02-at-12.20.55-scaled.jpeg",2560,1920,false],"portraits":["https:\/\/www.curico.cl\/home\/wp-content\/uploads\/2025\/10\/WhatsApp-Image-2025-10-02-at-12.20.55-scaled.jpeg",2560,1920,false],"thumbnail":["https:\/\/www.curico.cl\/home\/wp-content\/uploads\/2025\/10\/WhatsApp-Image-2025-10-02-at-12.20.55-300x150.jpeg",300,150,true],"medium":["https:\/\/www.curico.cl\/home\/wp-content\/uploads\/2025\/10\/WhatsApp-Image-2025-10-02-at-12.20.55-400x300.jpeg",400,300,true],"large":["https:\/\/www.curico.cl\/home\/wp-content\/uploads\/2025\/10\/WhatsApp-Image-2025-10-02-at-12.20.55-1024x768.jpeg",1024,768,true],"1536x1536":["https:\/\/www.curico.cl\/home\/wp-content\/uploads\/2025\/10\/WhatsApp-Image-2025-10-02-at-12.20.55-1536x1152.jpeg",1536,1152,true],"2048x2048":["https:\/\/www.curico.cl\/home\/wp-content\/uploads\/2025\/10\/WhatsApp-Image-2025-10-02-at-12.20.55-2048x1536.jpeg",2048,1536,true]},"rttpg_author":{"display_name":"Gabriel Otero","author_link":"https:\/\/www.curico.cl\/home\/author\/gotero\/"},"rttpg_comment":0,"rttpg_category":"<a href=\"https:\/\/www.curico.cl\/home\/category\/destacados\/\" rel=\"category tag\">Destacados<\/a> <a href=\"https:\/\/www.curico.cl\/home\/category\/salud\/\" rel=\"category tag\">Salud<\/a>","rttpg_excerpt":"Este equipo de alta tecnolog\u00eda permitir\u00e1 diagn\u00f3sticos m\u00e1s r\u00e1pidos y precisos de patolog\u00edas como la retinopat\u00eda diab\u00e9tica, el glaucoma y las cataratas, acortando las listas de espera. La Municipalidad de Curic\u00f3, a trav\u00e9s de la Direcci\u00f3n Comunal de Salud, puso en funcionamiento una nueva C\u00e1mara Retinal No Midri\u00e1tica de \u00faltima generaci\u00f3n en la Unidad de&hellip;","_links":{"self":[{"href":"https:\/\/www.curico.cl\/home\/wp-json\/wp\/v2\/posts\/4945","targetHints":{"allow":["GET"]}}],"collection":[{"href":"https:\/\/www.curico.cl\/home\/wp-json\/wp\/v2\/posts"}],"about":[{"href":"https:\/\/www.curico.cl\/home\/wp-json\/wp\/v2\/types\/post"}],"author":[{"embeddable":true,"href":"https:\/\/www.curico.cl\/home\/wp-json\/wp\/v2\/users\/5"}],"replies":[{"embeddable":true,"href":"https:\/\/www.curico.cl\/home\/wp-json\/wp\/v2\/comments?post=4945"}],"version-history":[{"count":1,"href":"https:\/\/www.curico.cl\/home\/wp-json\/wp\/v2\/posts\/4945\/revisions"}],"predecessor-version":[{"id":4954,"href":"https:\/\/www.curico.cl\/home\/wp-json\/wp\/v2\/posts\/4945\/revisions\/4954"}],"wp:featuredmedia":[{"embeddable":true,"href":"https:\/\/www.curico.cl\/home\/wp-json\/wp\/v2\/media\/4952"}],"wp:attachment":[{"href":"https:\/\/www.curico.cl\/home\/wp-json\/wp\/v2\/media?parent=4945"}],"wp:term":[{"taxonomy":"category","embeddable":true,"href":"https:\/\/www.curico.cl\/home\/wp-json\/wp\/v2\/categories?post=4945"},{"taxonomy":"post_tag","embeddable":true,"href":"https:\/\/www.curico.cl\/home\/wp-json\/wp\/v2\/tags?post=4945"}],"curies":[{"name":"wp","href":"https:\/\/api.w.org\/{rel}","templated":true}]}}