{"id":4431,"date":"2025-07-31T14:31:13","date_gmt":"2025-07-31T14:31:13","guid":{"rendered":"https:\/\/www.curico.cl\/home\/?p=4431"},"modified":"2025-07-31T19:59:15","modified_gmt":"2025-07-31T19:59:15","slug":"municipio-entrego-reconocimientos-a-trabajadores-en-el-marco-del-dia-nacional-del-recolector-y-recolectora-de-residuos-domiciliarios","status":"publish","type":"post","link":"https:\/\/www.curico.cl\/home\/municipio-entrego-reconocimientos-a-trabajadores-en-el-marco-del-dia-nacional-del-recolector-y-recolectora-de-residuos-domiciliarios\/","title":{"rendered":"Municipio entreg\u00f3 reconocimientos a recolectores de Residuos Domiciliarios"},"content":{"rendered":"<ul>\n<li><em>No solo destac\u00f3 el arduo trabajo de quienes mantienen Curic\u00f3 limpio d\u00eda a d\u00eda, sino que tambi\u00e9n puso en valor la importancia de una labor que, a menudo, pasa desapercibida.<\/em><\/li>\n<\/ul>\n<p>En una emotiva ceremonia realizada en el auditorio de la Corporaci\u00f3n Cultural, la Municipalidad de Curic\u00f3, liderada por el alcalde George Bordachar, entreg\u00f3 un sentido reconocimiento a las y los trabajadores de la empresa Dimensi\u00f3n, con motivo de la celebraci\u00f3n del D\u00eda Nacional del Recolector y Recolectora de Residuos Domiciliarios.<\/p>\n<p>La instancia cont\u00f3 con la presencia de m\u00e1s de 30 trabajadores del rubro, quienes fueron acompa\u00f1ados por la primera autoridad comunal, el diputado Hugo Rey, los concejales Francisco Sanz, Pilar Contardo y Mario Undurraga, tambi\u00e9n el director de Aseo y Ornato del municipio Miguel Morales.<\/p>\n<p>Sobre esta instancia, que desde el 2022 se celebra cada 29 de julio en Chile, promulgado bajo la Ley n\u00b0 21.429, el alcalde George Bordachar, destac\u00f3 la labor diaria que realizan los recolectores de residuos, valorando su compromiso con la limpieza de la ciudad y el servicio que entregan, incluso bajo condiciones clim\u00e1ticas adversas<\/p>\n<p>\u201cReconocer el tremendo trabajo que hacen los recolectores de la basura, de los residuos domiciliarios, creo que hacen una tremenda labor, por eso es que queremos reconocerlo, por el trabajo que hacen, nos tiene una ciudad limpia, un trabajo del d\u00eda a d\u00eda, con fr\u00edo, con lluvia, con calor, est\u00e1n ah\u00ed ellos presentes, as\u00ed que felicitar a Marcela, al se\u00f1or tambi\u00e9n el Presidente Ibarra del otro sindicato y a toda la empresa de Dimensi\u00f3n por este tremendo trabajo que hacen, as\u00ed que felicitarlo y a seguir trabajando con ellos, creo que una empresa que ha dado el ancho para poder entregar una ciudad limpia d\u00eda a d\u00eda\u201d, enfatiz\u00f3 el alcalde Bordachar.<\/p>\n<p><strong>Valoraci\u00f3n desde los sindicatos<\/strong><\/p>\n<p>Desde los sindicatos de trabajadores de la empresa Dimensi\u00f3n, tambi\u00e9n valoraron el reconocimiento entregado por la Municipalidad de Curic\u00f3.<\/p>\n<p>\u201cPara nosotros es un gran reconocimiento y nos hace pensar y darnos cuenta de que s\u00ed realmente nos toman en cuenta. Porque nosotros \u00e9ramos personas olvidadas, que nadie se acordaba de nosotros. Y ahora con tener un d\u00eda de reconocimiento hacia nosotros y el alcalde de Curic\u00f3 tambi\u00e9n nos haiga hecho el mismo reconocimiento, para nosotros es muy grato\u201d, dijo Marcela Lara, presidenta del sindicato Alianza y Uni\u00f3n de la empresa Dimensi\u00f3n.<\/p>\n<p>Por su parte, Ra\u00fal Ibarra, presidente del sindicato del Esfuerzo de la empresa Dimensi\u00f3n, tambi\u00e9n valor\u00f3 la conmemoraci\u00f3n del D\u00eda del Recolector, recordando los a\u00f1os de lucha del gremio por visibilizar su labor.<\/p>\n<p>\u201cUn grato placer que el municipio nos reconozca. Una lucha que hemos tenido por largos a\u00f1os, por tener, primero que nada, el d\u00eda del recolector. Y ojal\u00e1 el d\u00eda de ma\u00f1ana pueda ser el d\u00eda del recolector, pero un d\u00eda feriado, que ser\u00eda lo ideal. Ac\u00e1 el alcalde ayer (martes) nos dio libre, pero ya eso es voluntad de cada municipio. No es obligaci\u00f3n. Se le agradece a don George Bordachar. Y contento, llevo muchos a\u00f1os en esto, casi treinta ya, as\u00ed que me siento feliz porque cuando empec\u00e9 en esto, en aquellos a\u00f1os \u00e9ramos mal mirados, pero hoy en d\u00eda la gente ya ha cambiado la cultura y nos sentimos s\u00faper bien, as\u00ed que, agradecido de todos\u201d.<\/p>\n<p><strong>Reconocimientos destacados<\/strong><\/p>\n<p>En la ceremonia se entregaron distinciones a funcionarios de los sindicatos Alianza y Uni\u00f3n y El Esfuerzo, quienes fueron elegidos por sus pares, plasmando en ellos los valores, trabajo y compromiso de todos sus colegas. Ellos son:<\/p>\n<p>Ariel Carrasco Hern\u00e1ndez: por su compromiso, trayectoria y profesionalismo en su trabajo. Inici\u00f3 sus labores como recolector y luego pudo ejercer como chofer de camiones, demostrando su responsabilidad y atenci\u00f3n a la ciudadan\u00eda.<\/p>\n<p>V\u00edctor San Juan Montecinos: por su gran desempe\u00f1o y compromiso en su trabajo, adem\u00e1s de ser catalogado por sus pares como buen compa\u00f1ero.<\/p>\n<p>Luis Lorca D\u00edaz: Reconocido por sus pares por su destacado trabajo por m\u00e1s de 30 a\u00f1os. Ha realizado distintas funciones siempre velando por el bien de su trabajo.<\/p>\n<p>Por \u00faltimo y no menos importante, se reconoci\u00f3 a Ra\u00fal Ibarra Uribe, por su gran labor como dirigente sindical y por su profesionalismo y compromiso laboral.<\/p>\n<p><strong>Labor indispensable<\/strong><\/p>\n<p>De esta manera, la Municipalidad de Curic\u00f3 bajo la administraci\u00f3n del alcalde George Bordachar, reafirma su compromiso con los trabajadores de la empresa Dimensi\u00f3n, reconociendo su invaluable contribuci\u00f3n a la salud p\u00fablica y al bienestar comunitario.<\/p>\n<p><img fetchpriority=\"high\" decoding=\"async\" class=\"alignnone size-medium wp-image-4433\" src=\"https:\/\/www.curico.cl\/home\/wp-content\/uploads\/2025\/07\/WhatsApp-Image-2025-07-30-at-20.39.42-400x300.jpeg\" alt=\"\" width=\"400\" height=\"300\" srcset=\"https:\/\/www.curico.cl\/home\/wp-content\/uploads\/2025\/07\/WhatsApp-Image-2025-07-30-at-20.39.42-400x300.jpeg 400w, https:\/\/www.curico.cl\/home\/wp-content\/uploads\/2025\/07\/WhatsApp-Image-2025-07-30-at-20.39.42-1024x767.jpeg 1024w, https:\/\/www.curico.cl\/home\/wp-content\/uploads\/2025\/07\/WhatsApp-Image-2025-07-30-at-20.39.42-768x576.jpeg 768w, https:\/\/www.curico.cl\/home\/wp-content\/uploads\/2025\/07\/WhatsApp-Image-2025-07-30-at-20.39.42-1536x1151.jpeg 1536w, https:\/\/www.curico.cl\/home\/wp-content\/uploads\/2025\/07\/WhatsApp-Image-2025-07-30-at-20.39.42.jpeg 1600w\" sizes=\"(max-width: 400px) 100vw, 400px\" \/><\/p>\n","protected":false},"excerpt":{"rendered":"<p>No solo destac\u00f3 el arduo trabajo de quienes mantienen Curic\u00f3 limpio d\u00eda a d\u00eda, sino que tambi\u00e9n puso en valor la importancia de una labor que, a menudo, pasa desapercibida. En una emotiva ceremonia realizada en el auditorio de la Corporaci\u00f3n Cultural, la Municipalidad de Curic\u00f3, liderada por el alcalde George Bordachar, entreg\u00f3 un sentido [&hellip;]<\/p>\n","protected":false},"author":5,"featured_media":4432,"comment_status":"closed","ping_status":"closed","sticky":false,"template":"","format":"standard","meta":{"footnotes":""},"categories":[69,45,10],"tags":[],"class_list":["post-4431","post","type-post","status-publish","format-standard","has-post-thumbnail","hentry","category-aseo-y-ornato","category-destacados","category-municipal"],"rttpg_featured_image_url":{"full":["https:\/\/www.curico.cl\/home\/wp-content\/uploads\/2025\/07\/WhatsApp-Image-2025-07-30-at-20.39.45.jpeg",1600,1051,false],"landscape":["https:\/\/www.curico.cl\/home\/wp-content\/uploads\/2025\/07\/WhatsApp-Image-2025-07-30-at-20.39.45.jpeg",1600,1051,false],"portraits":["https:\/\/www.curico.cl\/home\/wp-content\/uploads\/2025\/07\/WhatsApp-Image-2025-07-30-at-20.39.45.jpeg",1600,1051,false],"thumbnail":["https:\/\/www.curico.cl\/home\/wp-content\/uploads\/2025\/07\/WhatsApp-Image-2025-07-30-at-20.39.45-300x150.jpeg",300,150,true],"medium":["https:\/\/www.curico.cl\/home\/wp-content\/uploads\/2025\/07\/WhatsApp-Image-2025-07-30-at-20.39.45-457x300.jpeg",457,300,true],"large":["https:\/\/www.curico.cl\/home\/wp-content\/uploads\/2025\/07\/WhatsApp-Image-2025-07-30-at-20.39.45-1024x673.jpeg",1024,673,true],"1536x1536":["https:\/\/www.curico.cl\/home\/wp-content\/uploads\/2025\/07\/WhatsApp-Image-2025-07-30-at-20.39.45-1536x1009.jpeg",1536,1009,true],"2048x2048":["https:\/\/www.curico.cl\/home\/wp-content\/uploads\/2025\/07\/WhatsApp-Image-2025-07-30-at-20.39.45.jpeg",1600,1051,false]},"rttpg_author":{"display_name":"Gabriel Otero","author_link":"https:\/\/www.curico.cl\/home\/author\/gotero\/"},"rttpg_comment":0,"rttpg_category":"<a href=\"https:\/\/www.curico.cl\/home\/category\/aseo-y-ornato\/\" rel=\"category tag\">Aseo y Ornato<\/a> <a href=\"https:\/\/www.curico.cl\/home\/category\/destacados\/\" rel=\"category tag\">Destacados<\/a> <a href=\"https:\/\/www.curico.cl\/home\/category\/municipal\/\" rel=\"category tag\">Municipal<\/a>","rttpg_excerpt":"No solo destac\u00f3 el arduo trabajo de quienes mantienen Curic\u00f3 limpio d\u00eda a d\u00eda, sino que tambi\u00e9n puso en valor la importancia de una labor que, a menudo, pasa desapercibida. En una emotiva ceremonia realizada en el auditorio de la Corporaci\u00f3n Cultural, la Municipalidad de Curic\u00f3, liderada por el alcalde George Bordachar, entreg\u00f3 un sentido&hellip;","_links":{"self":[{"href":"https:\/\/www.curico.cl\/home\/wp-json\/wp\/v2\/posts\/4431","targetHints":{"allow":["GET"]}}],"collection":[{"href":"https:\/\/www.curico.cl\/home\/wp-json\/wp\/v2\/posts"}],"about":[{"href":"https:\/\/www.curico.cl\/home\/wp-json\/wp\/v2\/types\/post"}],"author":[{"embeddable":true,"href":"https:\/\/www.curico.cl\/home\/wp-json\/wp\/v2\/users\/5"}],"replies":[{"embeddable":true,"href":"https:\/\/www.curico.cl\/home\/wp-json\/wp\/v2\/comments?post=4431"}],"version-history":[{"count":3,"href":"https:\/\/www.curico.cl\/home\/wp-json\/wp\/v2\/posts\/4431\/revisions"}],"predecessor-version":[{"id":4439,"href":"https:\/\/www.curico.cl\/home\/wp-json\/wp\/v2\/posts\/4431\/revisions\/4439"}],"wp:featuredmedia":[{"embeddable":true,"href":"https:\/\/www.curico.cl\/home\/wp-json\/wp\/v2\/media\/4432"}],"wp:attachment":[{"href":"https:\/\/www.curico.cl\/home\/wp-json\/wp\/v2\/media?parent=4431"}],"wp:term":[{"taxonomy":"category","embeddable":true,"href":"https:\/\/www.curico.cl\/home\/wp-json\/wp\/v2\/categories?post=4431"},{"taxonomy":"post_tag","embeddable":true,"href":"https:\/\/www.curico.cl\/home\/wp-json\/wp\/v2\/tags?post=4431"}],"curies":[{"name":"wp","href":"https:\/\/api.w.org\/{rel}","templated":true}]}}