{"id":4009,"date":"2025-05-15T19:51:12","date_gmt":"2025-05-15T19:51:12","guid":{"rendered":"https:\/\/www.curico.cl\/home\/?p=4009"},"modified":"2025-05-15T19:51:12","modified_gmt":"2025-05-15T19:51:12","slug":"casa-del-adulto-mayor-reapertura-de-piscina-temperada-en-curico","status":"publish","type":"post","link":"https:\/\/www.curico.cl\/home\/casa-del-adulto-mayor-reapertura-de-piscina-temperada-en-curico\/","title":{"rendered":"Casa del Adulto Mayor: Reapertura de piscina temperada en Curic\u00f3"},"content":{"rendered":"<p><img fetchpriority=\"high\" decoding=\"async\" class=\"aligncenter  wp-image-4011\" src=\"https:\/\/www.curico.cl\/home\/wp-content\/uploads\/2025\/05\/foto-piscina.webp\" alt=\"\" width=\"916\" height=\"648\" srcset=\"https:\/\/www.curico.cl\/home\/wp-content\/uploads\/2025\/05\/foto-piscina.webp 1600w, https:\/\/www.curico.cl\/home\/wp-content\/uploads\/2025\/05\/foto-piscina-424x300.webp 424w, https:\/\/www.curico.cl\/home\/wp-content\/uploads\/2025\/05\/foto-piscina-1024x724.webp 1024w, https:\/\/www.curico.cl\/home\/wp-content\/uploads\/2025\/05\/foto-piscina-768x543.webp 768w, https:\/\/www.curico.cl\/home\/wp-content\/uploads\/2025\/05\/foto-piscina-1536x1087.webp 1536w\" sizes=\"(max-width: 916px) 100vw, 916px\" \/><\/p>\n<p style=\"text-align: justify;\">Tras casi un a\u00f1o sin funcionar hoy se retoma el uso de la piscina de la Cada del Adulto Mayor.<\/p>\n<p style=\"text-align: justify;\">Este jueves el alcalde de Curic\u00f3 George Bordachar junto a la concejala Constanza Pinto, la directora de desarrollo comunitario, Gina Lorenzini y personas mayores dieron el vamos a la reapertura de la piscina temperada en la Casa del Adulto Mayor.<\/p>\n<p style=\"text-align: justify;\">La piscina se utiliza todos los d\u00edas y los horarios de funcionamiento desde las 09:00 a 12:00 hrs. y en la jornada de la tarde 15:30 a 17:00 hrs.<\/p>\n<p style=\"text-align: justify;\">En la oportunidad el alcalde Bordachar hizo un llamado a las personas mayores de la comuna a inscribirse en los talleres, con el fin de que este p\u00fablico ocupe los espacios que est\u00e1n disponibles para ellos y ellas, permitiendo mejorar su calidad de vida y tener una mayor dignidad en su vejez.<\/p>\n<p style=\"text-align: justify;\">\u201cHoy, ya contamos con la piscina. Una invitaci\u00f3n a todos los adultos mayores de Curic\u00f3 que puedan conocer esta casa que es maravillosa. Hay mucho para trabajar, sobre todo en la piscina que es muy beneficioso para ellos\u201d, coment\u00f3 el alcalde Bordachar.<\/p>\n<p style=\"text-align: justify;\"><strong>MEJORA SALUD MENTAL<\/strong><\/p>\n<p style=\"text-align: justify;\">La Casa del Adulto Mayor y sus talleres est\u00e1n disponibles para toda la comunidad (mayor de 60 a\u00f1os).<\/p>\n<p style=\"text-align: justify;\">Sergio Tapia, miembro del club de adulto mayor Caminando Juntos quiso destacar el trabajo que se realizar en estas dependencias y como afecta positivamente a cada uno de ellos.<\/p>\n<p style=\"text-align: justify;\">\u201cEs un orgullo tener esta piscina, porque son pocas ciudades las que cuentan con esta piscina. Es un bonito recinto, precioso, lo cual nos beneficia. He conversado con el alcalde Bordachar y \u00e9l est\u00e1 muy de acuerdo que sigamos con esto adelante en la Casa del Adulto Mayor, poque realmente lo necesitamos. Hoy somos un mill\u00f3n y medio de adultos mayores y lo necesitamos como salud mental, sobre todo\u201d.<\/p>\n<p style=\"text-align: justify;\">Las personas interesadas en inscribirse solo deben dirigirse a la Casa del Adulto Mayor ubicada en calle Estado #470.<\/p>\n<p style=\"text-align: justify;\"><strong>REPARACIONES<\/strong><\/p>\n<p style=\"text-align: justify;\">El encargado de la Casa del Adulto Mayor, Jos\u00e9 Poblete explic\u00f3 en qu\u00e9 consistieron los arreglos realizados a la piscina.<\/p>\n<p style=\"text-align: justify;\">\u201cDespu\u00e9s de casi un a\u00f1o se hizo un procedimiento de reparaci\u00f3n de las tres motobombas y se hizo una reinstalaci\u00f3n de lo que es el tema de gasfiter\u00eda\u201d, mencion\u00f3.<\/p>\n<p style=\"text-align: justify;\">Por su parte, la directora de desarrollo comunitario, Gina Lorenzini invit\u00f3 a la comunidad (mayor de 60 a\u00f1os) a inscribirse en estos cursos y aprovechar los beneficios que tiene este tipo de ejercicios.<\/p>\n<p style=\"text-align: justify;\">\u201cLos m\u00e9dicos la recomiendan por ser -un deporte- de beneficios entrega a nuestro cuerpo. No hay rebotes, no hay presiones. Es totalmente favorable y es lo que m\u00e1s se recomienda\u201d, asegur\u00f3.<\/p>\n","protected":false},"excerpt":{"rendered":"<p>Tras casi un a\u00f1o sin funcionar hoy se retoma el uso de la piscina de la Cada del Adulto Mayor. Este jueves el alcalde de Curic\u00f3 George Bordachar junto a la concejala Constanza Pinto, la directora de desarrollo comunitario, Gina Lorenzini y personas mayores dieron el vamos a la reapertura de la piscina temperada en [&hellip;]<\/p>\n","protected":false},"author":1,"featured_media":4010,"comment_status":"closed","ping_status":"closed","sticky":false,"template":"","format":"standard","meta":{"footnotes":""},"categories":[45,10,6],"tags":[160],"class_list":["post-4009","post","type-post","status-publish","format-standard","has-post-thumbnail","hentry","category-destacados","category-municipal","category-noticias","tag-adulto-mayor"],"rttpg_featured_image_url":{"full":["https:\/\/www.curico.cl\/home\/wp-content\/uploads\/2025\/05\/foto-piscina-4.webp",1600,1199,false],"landscape":["https:\/\/www.curico.cl\/home\/wp-content\/uploads\/2025\/05\/foto-piscina-4.webp",1600,1199,false],"portraits":["https:\/\/www.curico.cl\/home\/wp-content\/uploads\/2025\/05\/foto-piscina-4.webp",1600,1199,false],"thumbnail":["https:\/\/www.curico.cl\/home\/wp-content\/uploads\/2025\/05\/foto-piscina-4-300x150.webp",300,150,true],"medium":["https:\/\/www.curico.cl\/home\/wp-content\/uploads\/2025\/05\/foto-piscina-4-400x300.webp",400,300,true],"large":["https:\/\/www.curico.cl\/home\/wp-content\/uploads\/2025\/05\/foto-piscina-4-1024x767.webp",1024,767,true],"1536x1536":["https:\/\/www.curico.cl\/home\/wp-content\/uploads\/2025\/05\/foto-piscina-4-1536x1151.webp",1536,1151,true],"2048x2048":["https:\/\/www.curico.cl\/home\/wp-content\/uploads\/2025\/05\/foto-piscina-4.webp",1600,1199,false]},"rttpg_author":{"display_name":"municco","author_link":"https:\/\/www.curico.cl\/home\/author\/municco\/"},"rttpg_comment":0,"rttpg_category":"<a href=\"https:\/\/www.curico.cl\/home\/category\/destacados\/\" rel=\"category tag\">Destacados<\/a> <a href=\"https:\/\/www.curico.cl\/home\/category\/municipal\/\" rel=\"category tag\">Municipal<\/a> <a href=\"https:\/\/www.curico.cl\/home\/category\/noticias\/\" rel=\"category tag\">Noticias<\/a>","rttpg_excerpt":"Tras casi un a\u00f1o sin funcionar hoy se retoma el uso de la piscina de la Cada del Adulto Mayor. Este jueves el alcalde de Curic\u00f3 George Bordachar junto a la concejala Constanza Pinto, la directora de desarrollo comunitario, Gina Lorenzini y personas mayores dieron el vamos a la reapertura de la piscina temperada en&hellip;","_links":{"self":[{"href":"https:\/\/www.curico.cl\/home\/wp-json\/wp\/v2\/posts\/4009","targetHints":{"allow":["GET"]}}],"collection":[{"href":"https:\/\/www.curico.cl\/home\/wp-json\/wp\/v2\/posts"}],"about":[{"href":"https:\/\/www.curico.cl\/home\/wp-json\/wp\/v2\/types\/post"}],"author":[{"embeddable":true,"href":"https:\/\/www.curico.cl\/home\/wp-json\/wp\/v2\/users\/1"}],"replies":[{"embeddable":true,"href":"https:\/\/www.curico.cl\/home\/wp-json\/wp\/v2\/comments?post=4009"}],"version-history":[{"count":1,"href":"https:\/\/www.curico.cl\/home\/wp-json\/wp\/v2\/posts\/4009\/revisions"}],"predecessor-version":[{"id":4012,"href":"https:\/\/www.curico.cl\/home\/wp-json\/wp\/v2\/posts\/4009\/revisions\/4012"}],"wp:featuredmedia":[{"embeddable":true,"href":"https:\/\/www.curico.cl\/home\/wp-json\/wp\/v2\/media\/4010"}],"wp:attachment":[{"href":"https:\/\/www.curico.cl\/home\/wp-json\/wp\/v2\/media?parent=4009"}],"wp:term":[{"taxonomy":"category","embeddable":true,"href":"https:\/\/www.curico.cl\/home\/wp-json\/wp\/v2\/categories?post=4009"},{"taxonomy":"post_tag","embeddable":true,"href":"https:\/\/www.curico.cl\/home\/wp-json\/wp\/v2\/tags?post=4009"}],"curies":[{"name":"wp","href":"https:\/\/api.w.org\/{rel}","templated":true}]}}