{"id":3395,"date":"2025-02-25T17:33:49","date_gmt":"2025-02-25T17:33:49","guid":{"rendered":"https:\/\/www.curico.cl\/home\/?p=3395"},"modified":"2025-02-25T17:33:49","modified_gmt":"2025-02-25T17:33:49","slug":"municipio-curicano-refuerza-seguridad-vial-con-reparacion-y-demarcacion-de-calles","status":"publish","type":"post","link":"https:\/\/www.curico.cl\/home\/municipio-curicano-refuerza-seguridad-vial-con-reparacion-y-demarcacion-de-calles\/","title":{"rendered":"Municipio curicano refuerza seguridad vial con reparaci\u00f3n y demarcaci\u00f3n de calles"},"content":{"rendered":"\r\n<p style=\"text-align: justify;\">La Municipalidad de Curic\u00f3 est\u00e1 reforzando la seguridad vial mediante la reparaci\u00f3n y demarcaci\u00f3n de calles y avenidas en diversos sectores urbanos y rurales de la comuna. A trav\u00e9s de su Direcci\u00f3n de Tr\u00e1nsito, busca mejorar la infraestructura vial y contribuir a\u00a0 la seguridad de todos los habitantes, adem\u00e1s de embellecer el entorno.<\/p>\r\n<p style=\"text-align: justify;\"> <\/p>\r\n<p style=\"text-align: justify;\">La reparaci\u00f3n de baches y la instalaci\u00f3n de nuevas se\u00f1alizaciones ayudan notoriamente a mejorar la visibilidad y orientaci\u00f3n en las v\u00edas, lo que reduce el riesgo de accidentes, especialmente en \u00e1reas de alto tr\u00e1fico y con establecimientos escolares. Esta iniciativa que promueve el alcalde George Bordachar, se enmarca en los cuatro pilares fundamentales de su gesti\u00f3n: Seguridad, Salud, Identidad y Fomento Econ\u00f3mico.<\/p>\r\n<p style=\"text-align: justify;\"> <\/p>\r\n<p style=\"text-align: justify;\">\u201cComo administraci\u00f3n estamos preocupados del estado de nuestras calles, por eso la pintura en \u00e9stas es parte de las mejoras que debemos realizar, peri\u00f3dicamente, por lo que iremos por sectores. No s\u00f3lo en la ciudad tambi\u00e9n en los alrededores. Por otro lado, de manera paralela, est\u00e1 el cami\u00f3n bacheador reparando algunas v\u00edas que est\u00e1n en muy mal estado, porque tal como lo anunci\u00e9 en mi programa de gobierno comunal de cuatro pilares: Seguridad, Salud, Identidad y Fomento econ\u00f3mico. Las calles son parte de la identidad y tambi\u00e9n de la seguridad, por ejemplo\u201d, inform\u00f3 el alcalde George Bordachar.<\/p>\r\n<p style=\"text-align: justify;\"> <\/p>\r\n<p style=\"text-align: justify;\"><strong>Obras<\/strong><\/p>\r\n<p style=\"text-align: justify;\"> <\/p>\r\n<p style=\"text-align: justify;\">Los trabajos de demarcaci\u00f3n se han centrado principalmente en calles y avenidas cercanas a \u00a0establecimientos educativos, a fin tambi\u00e9n de anticiparse al inicio del nuevo a\u00f1o escolar. Algunos de los sectores intervenidos corresponden al Jard\u00edn Infantil Grillitos (Sarmiento), la Escuela Italia (Cordillerilla), la Escuela Pablo Neruda (Chequenlemu), la Escuela El Porvenir (Zapallar), la Escuela El Maitenal (Tutuqu\u00e9n) y el Colegio Ray\u00e9n Mapu (Tutuqu\u00e9n Bajo).<\/p>\r\n<p style=\"text-align: justify;\"> <\/p>\r\n<p style=\"text-align: justify;\">Es importante se\u00f1alar que algunos de los beneficios de tener calles bien se\u00f1alizadas son mejorar el tr\u00e1fico vehicular, reducir la congesti\u00f3n y optimizar el desplazamiento de autom\u00f3viles, ciclistas y peatones. Al igual se reduce el desgaste de los veh\u00edculos, lo que significa que los conductores tengan que gastar menos en mantenimiento.<\/p>\r\n<p style=\"text-align: justify;\"> <\/p>\r\n<p style=\"text-align: justify;\"><strong>Una ciudad m\u00e1s bella<\/strong><\/p>\r\n<p style=\"text-align: justify;\">Estas mejoras no solo tienen un impacto funcional, sino tambi\u00e9n est\u00e9tico, ya que las calles y avenidas bien mantenidas que son prioridad para la administraci\u00f3n comunal, mejoran la imagen de la ciudad. De esta manera, la Municipalidad de Curic\u00f3 reafirma su compromiso con la seguridad vial y la mejora continua de la infraestructura urbana en beneficio de todos los habitantes.<\/p>\r\n","protected":false},"excerpt":{"rendered":"<p>La Municipalidad de Curic\u00f3 est\u00e1 reforzando la seguridad vial mediante la reparaci\u00f3n y demarcaci\u00f3n de calles y avenidas en diversos sectores urbanos y rurales de la comuna. A trav\u00e9s de su Direcci\u00f3n de Tr\u00e1nsito, busca mejorar la infraestructura vial y contribuir a\u00a0 la seguridad de todos los habitantes, adem\u00e1s de embellecer el entorno. La reparaci\u00f3n [&hellip;]<\/p>\n","protected":false},"author":1,"featured_media":3396,"comment_status":"closed","ping_status":"closed","sticky":false,"template":"","format":"standard","meta":{"footnotes":""},"categories":[45,10,6,96],"tags":[98,97,68],"class_list":["post-3395","post","type-post","status-publish","format-standard","has-post-thumbnail","hentry","category-destacados","category-municipal","category-noticias","category-transito","tag-calles","tag-demarcacion","tag-transito"],"rttpg_featured_image_url":{"full":["https:\/\/www.curico.cl\/home\/wp-content\/uploads\/2025\/02\/demarcacion.webp",1024,768,false],"landscape":["https:\/\/www.curico.cl\/home\/wp-content\/uploads\/2025\/02\/demarcacion.webp",1024,768,false],"portraits":["https:\/\/www.curico.cl\/home\/wp-content\/uploads\/2025\/02\/demarcacion.webp",1024,768,false],"thumbnail":["https:\/\/www.curico.cl\/home\/wp-content\/uploads\/2025\/02\/demarcacion-300x150.webp",300,150,true],"medium":["https:\/\/www.curico.cl\/home\/wp-content\/uploads\/2025\/02\/demarcacion-400x300.webp",400,300,true],"large":["https:\/\/www.curico.cl\/home\/wp-content\/uploads\/2025\/02\/demarcacion.webp",1024,768,false],"1536x1536":["https:\/\/www.curico.cl\/home\/wp-content\/uploads\/2025\/02\/demarcacion.webp",1024,768,false],"2048x2048":["https:\/\/www.curico.cl\/home\/wp-content\/uploads\/2025\/02\/demarcacion.webp",1024,768,false]},"rttpg_author":{"display_name":"municco","author_link":"https:\/\/www.curico.cl\/home\/author\/municco\/"},"rttpg_comment":0,"rttpg_category":"<a href=\"https:\/\/www.curico.cl\/home\/category\/destacados\/\" rel=\"category tag\">Destacados<\/a> <a href=\"https:\/\/www.curico.cl\/home\/category\/municipal\/\" rel=\"category tag\">Municipal<\/a> <a href=\"https:\/\/www.curico.cl\/home\/category\/noticias\/\" rel=\"category tag\">Noticias<\/a> <a href=\"https:\/\/www.curico.cl\/home\/category\/transito\/\" rel=\"category tag\">Tr\u00e1nsito<\/a>","rttpg_excerpt":"La Municipalidad de Curic\u00f3 est\u00e1 reforzando la seguridad vial mediante la reparaci\u00f3n y demarcaci\u00f3n de calles y avenidas en diversos sectores urbanos y rurales de la comuna. A trav\u00e9s de su Direcci\u00f3n de Tr\u00e1nsito, busca mejorar la infraestructura vial y contribuir a\u00a0 la seguridad de todos los habitantes, adem\u00e1s de embellecer el entorno. La reparaci\u00f3n&hellip;","_links":{"self":[{"href":"https:\/\/www.curico.cl\/home\/wp-json\/wp\/v2\/posts\/3395","targetHints":{"allow":["GET"]}}],"collection":[{"href":"https:\/\/www.curico.cl\/home\/wp-json\/wp\/v2\/posts"}],"about":[{"href":"https:\/\/www.curico.cl\/home\/wp-json\/wp\/v2\/types\/post"}],"author":[{"embeddable":true,"href":"https:\/\/www.curico.cl\/home\/wp-json\/wp\/v2\/users\/1"}],"replies":[{"embeddable":true,"href":"https:\/\/www.curico.cl\/home\/wp-json\/wp\/v2\/comments?post=3395"}],"version-history":[{"count":0,"href":"https:\/\/www.curico.cl\/home\/wp-json\/wp\/v2\/posts\/3395\/revisions"}],"wp:featuredmedia":[{"embeddable":true,"href":"https:\/\/www.curico.cl\/home\/wp-json\/wp\/v2\/media\/3396"}],"wp:attachment":[{"href":"https:\/\/www.curico.cl\/home\/wp-json\/wp\/v2\/media?parent=3395"}],"wp:term":[{"taxonomy":"category","embeddable":true,"href":"https:\/\/www.curico.cl\/home\/wp-json\/wp\/v2\/categories?post=3395"},{"taxonomy":"post_tag","embeddable":true,"href":"https:\/\/www.curico.cl\/home\/wp-json\/wp\/v2\/tags?post=3395"}],"curies":[{"name":"wp","href":"https:\/\/api.w.org\/{rel}","templated":true}]}}