{"id":2647,"date":"2025-01-27T15:33:07","date_gmt":"2025-01-27T15:33:07","guid":{"rendered":"https:\/\/www.curico.cl\/home\/?p=2647"},"modified":"2025-01-27T15:33:07","modified_gmt":"2025-01-27T15:33:07","slug":"concejo-municipal-de-curico-aprueba-presupuesto-para-fomentar-el-deporte-y-la-cultura-en-la-comuna","status":"publish","type":"post","link":"https:\/\/www.curico.cl\/home\/concejo-municipal-de-curico-aprueba-presupuesto-para-fomentar-el-deporte-y-la-cultura-en-la-comuna\/","title":{"rendered":"Concejo Municipal de Curic\u00f3 aprueba presupuesto para fomentar el deporte y la cultura en la comuna"},"content":{"rendered":"\r\n<p style=\"text-align: justify;\"><em>Ambas \u00e1reas son pilares fundamentales de la gesti\u00f3n del alcalde George Bordachar para mejorar la calidad de vida de los curicanos.<\/em><\/p>\r\n<p style=\"text-align: justify;\"> <\/p>\r\n<p style=\"text-align: justify;\">Con la presidencia del alcalde George Bordachar, el Concejo Municipal de Curic\u00f3 aprob\u00f3 un\u00e1nimemente el presupuesto para deportes y cultura en su segunda sesi\u00f3n ordinaria del a\u00f1o. Esta decisi\u00f3n reafirma el compromiso de la actual administraci\u00f3n comunal por fortalecer estas \u00e1reas clave para la comunidad.<\/p>\r\n<p style=\"text-align: justify;\"> <\/p>\r\n<p style=\"text-align: justify;\"><strong>Desarrollo deportivo integral<\/strong><\/p>\r\n<p style=\"text-align: justify;\"> <\/p>\r\n<p style=\"text-align: justify;\">La Corporaci\u00f3n de Deportes de Curic\u00f3 recibir\u00e1 un monto de mil trecientos millones de pesos, este ser\u00e1 proporcionado en forma parcial para financiar una amplia gama de actividades y proyectos deportivos durante el 2025, como talleres deportivos, implementos, mantenimiento de instalaciones, capacitaciones y apoyo a deportistas de alto rendimiento, entre otras iniciativas. Por lo mismo, el alcalde Bordachar, acentu\u00f3 la relevancia de esta inversi\u00f3n para el desarrollo integral de la comuna, destacando que el deporte y la cultura son elementos fundamentales de su gesti\u00f3n, para mejorar la calidad de vida de los curicanos.<\/p>\r\n<p style=\"text-align: justify;\">De igual modo, Mat\u00edas Avenda\u00f1o, gerente de esta corporaci\u00f3n, destac\u00f3 los avances logrados en torno a la gesti\u00f3n del recurso p\u00fablico y la implementaci\u00f3n de estrategias para fortalecer la transparencia y la infraestructura.<\/p>\r\n<p style=\"text-align: justify;\"><\/p>\r\n<p style=\"text-align: justify;\"><strong>Impulso para las expresiones art\u00edsticas<\/strong><\/p>\r\n<p style=\"text-align: justify;\"> <\/p>\r\n<p style=\"text-align: justify;\">La Corporaci\u00f3n Cultural de Curic\u00f3 recibir\u00e1 un presupuesto de 700 millones de pesos, fondos que permitir\u00e1n continuar con las actividades y programas que se desarrollan tanto en el Centro Cultural Curic\u00f3, como en la Biblioteca Oscar Ram\u00edrez Merino, la Biblioteca Tom\u00e1s Guevara Silva, la Biblioteca Padre Teodoro, la Red de Espacios Curic\u00f3, la Sala de Cine y Comunicaci\u00f3n Audiovisual, y el Fondo Municipal Cultural.<\/p>\r\n<p style=\"text-align: justify;\"><strong>Importancia de la inversi\u00f3n<\/strong><\/p>\r\n<p style=\"text-align: justify;\">Quien preside las comisiones de Cultura y de Deportes y Recreaci\u00f3n del Concejo Municipal, el concejal Edgardo Reyes, hizo hincapi\u00e9 sobre la importancia de garantizar la asignaci\u00f3n presupuestaria necesaria para este a\u00f1o, a pesar de las limitaciones financieras actuales.<\/p>\r\n<p style=\"text-align: justify;\"><strong>Pr\u00f3ximos pasos<\/strong><\/p>\r\n<p style=\"text-align: justify;\">Los fondos ser\u00e1n solicitados a la Municipalidad de Curic\u00f3 seg\u00fan la disponibilidad presupuestaria. La Corporaci\u00f3n de Deportes y la Corporaci\u00f3n Cultural trabajar\u00e1n en la planificaci\u00f3n y ejecuci\u00f3n de las actividades programadas para el a\u00f1o 2025, siempre, como lo se\u00f1ala el alcalde George Bordachar, con el objetivo de brindar a la comunidad curicana una oferta cultural y deportiva de calidad.<\/p>\r\n\r\n\r\n","protected":false},"excerpt":{"rendered":"<p>Ambas \u00e1reas son pilares fundamentales de la gesti\u00f3n del alcalde George Bordachar para mejorar la calidad de vida de los curicanos.<\/p>\n","protected":false},"author":1,"featured_media":2648,"comment_status":"closed","ping_status":"closed","sticky":false,"template":"","format":"standard","meta":{"footnotes":""},"categories":[16,11,45,10,6],"tags":[46],"class_list":["post-2647","post","type-post","status-publish","format-standard","has-post-thumbnail","hentry","category-actividades","category-deportes","category-destacados","category-municipal","category-noticias","tag-deportes"],"rttpg_featured_image_url":{"full":["https:\/\/www.curico.cl\/home\/wp-content\/uploads\/2025\/01\/concejo3.jpeg",1024,768,false],"landscape":["https:\/\/www.curico.cl\/home\/wp-content\/uploads\/2025\/01\/concejo3.jpeg",1024,768,false],"portraits":["https:\/\/www.curico.cl\/home\/wp-content\/uploads\/2025\/01\/concejo3.jpeg",1024,768,false],"thumbnail":["https:\/\/www.curico.cl\/home\/wp-content\/uploads\/2025\/01\/concejo3-300x150.jpeg",300,150,true],"medium":["https:\/\/www.curico.cl\/home\/wp-content\/uploads\/2025\/01\/concejo3-400x300.jpeg",400,300,true],"large":["https:\/\/www.curico.cl\/home\/wp-content\/uploads\/2025\/01\/concejo3.jpeg",1024,768,false],"1536x1536":["https:\/\/www.curico.cl\/home\/wp-content\/uploads\/2025\/01\/concejo3.jpeg",1024,768,false],"2048x2048":["https:\/\/www.curico.cl\/home\/wp-content\/uploads\/2025\/01\/concejo3.jpeg",1024,768,false]},"rttpg_author":{"display_name":"municco","author_link":"https:\/\/www.curico.cl\/home\/author\/municco\/"},"rttpg_comment":0,"rttpg_category":"<a href=\"https:\/\/www.curico.cl\/home\/category\/actividades\/\" rel=\"category tag\">Actividades<\/a> <a href=\"https:\/\/www.curico.cl\/home\/category\/deportes\/\" rel=\"category tag\">Deportes<\/a> <a href=\"https:\/\/www.curico.cl\/home\/category\/destacados\/\" rel=\"category tag\">Destacados<\/a> <a href=\"https:\/\/www.curico.cl\/home\/category\/municipal\/\" rel=\"category tag\">Municipal<\/a> <a href=\"https:\/\/www.curico.cl\/home\/category\/noticias\/\" rel=\"category tag\">Noticias<\/a>","rttpg_excerpt":"Ambas \u00e1reas son pilares fundamentales de la gesti\u00f3n del alcalde George Bordachar para mejorar la calidad de vida de los curicanos.","_links":{"self":[{"href":"https:\/\/www.curico.cl\/home\/wp-json\/wp\/v2\/posts\/2647","targetHints":{"allow":["GET"]}}],"collection":[{"href":"https:\/\/www.curico.cl\/home\/wp-json\/wp\/v2\/posts"}],"about":[{"href":"https:\/\/www.curico.cl\/home\/wp-json\/wp\/v2\/types\/post"}],"author":[{"embeddable":true,"href":"https:\/\/www.curico.cl\/home\/wp-json\/wp\/v2\/users\/1"}],"replies":[{"embeddable":true,"href":"https:\/\/www.curico.cl\/home\/wp-json\/wp\/v2\/comments?post=2647"}],"version-history":[{"count":0,"href":"https:\/\/www.curico.cl\/home\/wp-json\/wp\/v2\/posts\/2647\/revisions"}],"wp:featuredmedia":[{"embeddable":true,"href":"https:\/\/www.curico.cl\/home\/wp-json\/wp\/v2\/media\/2648"}],"wp:attachment":[{"href":"https:\/\/www.curico.cl\/home\/wp-json\/wp\/v2\/media?parent=2647"}],"wp:term":[{"taxonomy":"category","embeddable":true,"href":"https:\/\/www.curico.cl\/home\/wp-json\/wp\/v2\/categories?post=2647"},{"taxonomy":"post_tag","embeddable":true,"href":"https:\/\/www.curico.cl\/home\/wp-json\/wp\/v2\/tags?post=2647"}],"curies":[{"name":"wp","href":"https:\/\/api.w.org\/{rel}","templated":true}]}}